{"id":10972,"date":"2024-10-10T08:44:06","date_gmt":"2024-10-10T11:44:06","guid":{"rendered":"https:\/\/prefeitura.santarosa.rs.gov.br\/?p=10972"},"modified":"2024-10-10T08:44:06","modified_gmt":"2024-10-10T11:44:06","slug":"profissionais-da-fumssar-participam-de-formacao-sobre-reabilitacao-intelectual","status":"publish","type":"post","link":"https:\/\/prefeitura.santarosa.rs.gov.br\/?p=10972","title":{"rendered":"<strong>Profissionais da FUMSSAR participam de forma\u00e7\u00e3o sobre Reabilita\u00e7\u00e3o Intelectual<\/strong>"},"content":{"rendered":"\n<figure class=\"wp-block-image size-full\"><img fetchpriority=\"high\" decoding=\"async\" width=\"860\" height=\"645\" src=\"https:\/\/prefeitura.santarosa.rs.gov.br\/wp-content\/uploads\/2024\/10\/Formato-Site-e-Portal-860X645-JPG-2024-10-10T084216.475.jpg\" alt=\"\" class=\"wp-image-10973\" srcset=\"https:\/\/prefeitura.santarosa.rs.gov.br\/wp-content\/uploads\/2024\/10\/Formato-Site-e-Portal-860X645-JPG-2024-10-10T084216.475.jpg 860w, https:\/\/prefeitura.santarosa.rs.gov.br\/wp-content\/uploads\/2024\/10\/Formato-Site-e-Portal-860X645-JPG-2024-10-10T084216.475-300x225.jpg 300w, https:\/\/prefeitura.santarosa.rs.gov.br\/wp-content\/uploads\/2024\/10\/Formato-Site-e-Portal-860X645-JPG-2024-10-10T084216.475-768x576.jpg 768w\" sizes=\"(max-width: 860px) 100vw, 860px\" \/><\/figure>\n\n\n\n<p>Na ter\u00e7a-feira (08), integrantes da Rede de Reabilita\u00e7\u00e3o Intelectual de Santa Rosa, apresentaram aos profissionais de ensino superior da FUMSSAR, os servi\u00e7os desenvolvidos no \u00e2mbito nacional, estadual e municipal. A a\u00e7\u00e3o foi realizada no N\u00facleo de Ensino e Pesquisa \u2013 NEP e faz parte das forma\u00e7\u00f5es continuadas que ocorrem todos os meses na Funda\u00e7\u00e3o de Sa\u00fade. Na oportunidade, diversas falas foram realizadas com o objetivo de atualizar os servidores sobre o tema: \u201cReabilita\u00e7\u00e3o Intelectual: um olhar mais profundo\u201d.<\/p>\n\n\n\n<p>Inicialmente, representantes do CER II e da APAE, abordaram o trabalho desenvolvido com pessoas que possuem suspeita ou diagn\u00f3stico de Defici\u00eancia Intelectual ou\/e TEA (autismo). Ap\u00f3s, profissionais do CMR, CRR e CAS, institui\u00e7\u00f5es que trabalham com pessoas com o Transtorno do Espectro Autista, explanaram sobre o tema. Ainda durante o encontro, servidores da educa\u00e7\u00e3o, falaram sobre o trabalho no Atendimento Educacional Especializado \u2013&nbsp;AEE. A Coordenadora do CER II, fonoaudi\u00f3loga, Michelli Pes, destacou que a forma\u00e7\u00e3o busca capacitar os profissionais da sa\u00fade para atender cada vez melhor os pacientes, \u201cQueremos atrav\u00e9s da reabilita\u00e7\u00e3o intelectual, maximizar o potencial de cada paciente e esses encontros nos auxiliam na atualiza\u00e7\u00e3o dos temas, proporcionando assim, um atendimento muito mais qualificado\u201d.<\/p>\n\n\n\n<p>A reabilita\u00e7\u00e3o intelectual \u00e9 um processo cont\u00ednuo e individualizado. O foco \u00e9 desenvolver habilidades, promover a autonomia e a inclus\u00e3o social, buscando o bem-estar dos pacientes.<\/p>\n","protected":false},"excerpt":{"rendered":"<p>Na ter\u00e7a-feira (08), integrantes da Rede de Reabilita\u00e7\u00e3o Intelectual de Santa Rosa, apresentaram aos profissionais de ensino superior da FUMSSAR,<\/p>\n","protected":false},"author":6,"featured_media":10975,"comment_status":"closed","ping_status":"closed","sticky":false,"template":"","format":"standard","meta":{"footnotes":""},"categories":[4,8],"tags":[],"class_list":["post-10972","post","type-post","status-publish","format-standard","has-post-thumbnail","hentry","category-noticias","category-noticias-fumssar"],"aioseo_notices":[],"_links":{"self":[{"href":"https:\/\/prefeitura.santarosa.rs.gov.br\/index.php?rest_route=\/wp\/v2\/posts\/10972","targetHints":{"allow":["GET"]}}],"collection":[{"href":"https:\/\/prefeitura.santarosa.rs.gov.br\/index.php?rest_route=\/wp\/v2\/posts"}],"about":[{"href":"https:\/\/prefeitura.santarosa.rs.gov.br\/index.php?rest_route=\/wp\/v2\/types\/post"}],"author":[{"embeddable":true,"href":"https:\/\/prefeitura.santarosa.rs.gov.br\/index.php?rest_route=\/wp\/v2\/users\/6"}],"replies":[{"embeddable":true,"href":"https:\/\/prefeitura.santarosa.rs.gov.br\/index.php?rest_route=%2Fwp%2Fv2%2Fcomments&post=10972"}],"version-history":[{"count":1,"href":"https:\/\/prefeitura.santarosa.rs.gov.br\/index.php?rest_route=\/wp\/v2\/posts\/10972\/revisions"}],"predecessor-version":[{"id":10976,"href":"https:\/\/prefeitura.santarosa.rs.gov.br\/index.php?rest_route=\/wp\/v2\/posts\/10972\/revisions\/10976"}],"wp:featuredmedia":[{"embeddable":true,"href":"https:\/\/prefeitura.santarosa.rs.gov.br\/index.php?rest_route=\/wp\/v2\/media\/10975"}],"wp:attachment":[{"href":"https:\/\/prefeitura.santarosa.rs.gov.br\/index.php?rest_route=%2Fwp%2Fv2%2Fmedia&parent=10972"}],"wp:term":[{"taxonomy":"category","embeddable":true,"href":"https:\/\/prefeitura.santarosa.rs.gov.br\/index.php?rest_route=%2Fwp%2Fv2%2Fcategories&post=10972"},{"taxonomy":"post_tag","embeddable":true,"href":"https:\/\/prefeitura.santarosa.rs.gov.br\/index.php?rest_route=%2Fwp%2Fv2%2Ftags&post=10972"}],"curies":[{"name":"wp","href":"https:\/\/api.w.org\/{rel}","templated":true}]}}