{"id":10958,"date":"2024-10-09T10:57:42","date_gmt":"2024-10-09T13:57:42","guid":{"rendered":"https:\/\/prefeitura.santarosa.rs.gov.br\/?p=10958"},"modified":"2024-10-09T10:57:42","modified_gmt":"2024-10-09T13:57:42","slug":"programacao-do-mes-do-idoso-inicia-nesta-quarta-feira","status":"publish","type":"post","link":"https:\/\/prefeitura.santarosa.rs.gov.br\/?p=10958","title":{"rendered":"<strong>Programa\u00e7\u00e3o do M\u00eas do Idoso inicia nesta quarta-feira<\/strong>"},"content":{"rendered":"\n<figure class=\"wp-block-image size-full\"><img fetchpriority=\"high\" decoding=\"async\" width=\"860\" height=\"645\" src=\"https:\/\/prefeitura.santarosa.rs.gov.br\/wp-content\/uploads\/2024\/10\/Formato-Site-e-Portal-860X645-JPG-2024-10-09T105215.717.jpg\" alt=\"\" class=\"wp-image-10959\" srcset=\"https:\/\/prefeitura.santarosa.rs.gov.br\/wp-content\/uploads\/2024\/10\/Formato-Site-e-Portal-860X645-JPG-2024-10-09T105215.717.jpg 860w, https:\/\/prefeitura.santarosa.rs.gov.br\/wp-content\/uploads\/2024\/10\/Formato-Site-e-Portal-860X645-JPG-2024-10-09T105215.717-300x225.jpg 300w, https:\/\/prefeitura.santarosa.rs.gov.br\/wp-content\/uploads\/2024\/10\/Formato-Site-e-Portal-860X645-JPG-2024-10-09T105215.717-768x576.jpg 768w\" sizes=\"(max-width: 860px) 100vw, 860px\" \/><\/figure>\n\n\n\n<p>Outubro \u00e9 o M\u00eas do Idoso e diversas atra\u00e7\u00f5es foram programadas em Santa Rosa. As a\u00e7\u00f5es est\u00e3o sendo organizadas pela Secretaria de Desenvolvimento Social, a Ger\u00eancia de Pol\u00edticas para Idosos e o Conselho Municipal do Idoso. Nesta quarta-feira (09), um torneio de canastra est\u00e1 sendo realizado na Associa\u00e7\u00e3o de Aposentados e Pensionistas e durante todo o m\u00eas, ser\u00e3o desenvolvidas atividades com o objetivo de oportunizar momentos de integra\u00e7\u00e3o, lazer e bem-estar aos idosos santa-rosenses.<\/p>\n\n\n\n<p>De acordo com dados da Funda\u00e7\u00e3o Municipal de Sa\u00fade, Santa Rosa possui mais de 15 mil idosos (8.662 mulheres e 6.666 homens). A Secret\u00e1ria de Desenvolvimento Social, Ta\u00edsa Boelter, destaca a import\u00e2ncia de proporcionar momentos como estes, para a melhor idade, \u201cFoi constru\u00edda uma programa\u00e7\u00e3o variada voltada para o bem-estar dos nossos idosos. Buscamos contemplar importantes temas para a sa\u00fade e tamb\u00e9m de promo\u00e7\u00e3o e valoriza\u00e7\u00e3o da vida, sempre pensando em proporcionar o envelhecimento saud\u00e1vel da popula\u00e7\u00e3o\u201d.<\/p>\n\n\n\n<p>No dia 16 de outubro, \u00e0s 18h30min, ser\u00e1 promovido o evento: \u201cVov\u00f4 na Pra\u00e7a\u201d. A atividade vai acontecer na Pra\u00e7a da Bandeira e ter\u00e1 a participa\u00e7\u00e3o da Banda Ind\u00fastria Musical. Tamb\u00e9m ser\u00e3o realizadas apresenta\u00e7\u00f5es art\u00edsticas e uma exposi\u00e7\u00e3o de trabalhos dos grupos de idosos do munic\u00edpio. A programa\u00e7\u00e3o completa pode ser conferida nas p\u00e1ginas oficiais da Prefeitura de Santa Rosa.<\/p>\n\n\n\n<p><\/p>\n\n\n\n<p><\/p>\n\n\n\n<figure class=\"wp-block-gallery columns-2 is-cropped wp-block-gallery-1 is-layout-flex wp-block-gallery-is-layout-flex\"><ul class=\"blocks-gallery-grid\"><li class=\"blocks-gallery-item\"><figure><img decoding=\"async\" width=\"819\" height=\"1024\" src=\"https:\/\/prefeitura.santarosa.rs.gov.br\/wp-content\/uploads\/2024\/10\/01-de-outubro-819x1024.png\" alt=\"\" data-id=\"10961\" data-full-url=\"https:\/\/prefeitura.santarosa.rs.gov.br\/wp-content\/uploads\/2024\/10\/01-de-outubro.png\" data-link=\"https:\/\/prefeitura.santarosa.rs.gov.br\/?attachment_id=10961\" class=\"wp-image-10961\" srcset=\"https:\/\/prefeitura.santarosa.rs.gov.br\/wp-content\/uploads\/2024\/10\/01-de-outubro-819x1024.png 819w, https:\/\/prefeitura.santarosa.rs.gov.br\/wp-content\/uploads\/2024\/10\/01-de-outubro-240x300.png 240w, https:\/\/prefeitura.santarosa.rs.gov.br\/wp-content\/uploads\/2024\/10\/01-de-outubro-768x960.png 768w, https:\/\/prefeitura.santarosa.rs.gov.br\/wp-content\/uploads\/2024\/10\/01-de-outubro.png 1080w\" sizes=\"(max-width: 819px) 100vw, 819px\" \/><\/figure><\/li><li class=\"blocks-gallery-item\"><figure><img decoding=\"async\" width=\"819\" height=\"1024\" src=\"https:\/\/prefeitura.santarosa.rs.gov.br\/wp-content\/uploads\/2024\/10\/01-de-outubro-1-819x1024.png\" alt=\"\" data-id=\"10960\" data-full-url=\"https:\/\/prefeitura.santarosa.rs.gov.br\/wp-content\/uploads\/2024\/10\/01-de-outubro-1.png\" data-link=\"https:\/\/prefeitura.santarosa.rs.gov.br\/?attachment_id=10960\" class=\"wp-image-10960\" srcset=\"https:\/\/prefeitura.santarosa.rs.gov.br\/wp-content\/uploads\/2024\/10\/01-de-outubro-1-819x1024.png 819w, https:\/\/prefeitura.santarosa.rs.gov.br\/wp-content\/uploads\/2024\/10\/01-de-outubro-1-240x300.png 240w, https:\/\/prefeitura.santarosa.rs.gov.br\/wp-content\/uploads\/2024\/10\/01-de-outubro-1-768x960.png 768w, https:\/\/prefeitura.santarosa.rs.gov.br\/wp-content\/uploads\/2024\/10\/01-de-outubro-1.png 1080w\" sizes=\"(max-width: 819px) 100vw, 819px\" \/><\/figure><\/li><\/ul><\/figure>\n","protected":false},"excerpt":{"rendered":"<p>Outubro \u00e9 o M\u00eas do Idoso e diversas atra\u00e7\u00f5es foram programadas em Santa Rosa. As a\u00e7\u00f5es est\u00e3o sendo organizadas pela<\/p>\n","protected":false},"author":6,"featured_media":10962,"comment_status":"closed","ping_status":"closed","sticky":false,"template":"","format":"standard","meta":{"footnotes":""},"categories":[4,17],"tags":[],"class_list":["post-10958","post","type-post","status-publish","format-standard","has-post-thumbnail","hentry","category-noticias","category-secretaria-municipal-de-desenvolvimento-social"],"aioseo_notices":[],"_links":{"self":[{"href":"https:\/\/prefeitura.santarosa.rs.gov.br\/index.php?rest_route=\/wp\/v2\/posts\/10958","targetHints":{"allow":["GET"]}}],"collection":[{"href":"https:\/\/prefeitura.santarosa.rs.gov.br\/index.php?rest_route=\/wp\/v2\/posts"}],"about":[{"href":"https:\/\/prefeitura.santarosa.rs.gov.br\/index.php?rest_route=\/wp\/v2\/types\/post"}],"author":[{"embeddable":true,"href":"https:\/\/prefeitura.santarosa.rs.gov.br\/index.php?rest_route=\/wp\/v2\/users\/6"}],"replies":[{"embeddable":true,"href":"https:\/\/prefeitura.santarosa.rs.gov.br\/index.php?rest_route=%2Fwp%2Fv2%2Fcomments&post=10958"}],"version-history":[{"count":1,"href":"https:\/\/prefeitura.santarosa.rs.gov.br\/index.php?rest_route=\/wp\/v2\/posts\/10958\/revisions"}],"predecessor-version":[{"id":10963,"href":"https:\/\/prefeitura.santarosa.rs.gov.br\/index.php?rest_route=\/wp\/v2\/posts\/10958\/revisions\/10963"}],"wp:featuredmedia":[{"embeddable":true,"href":"https:\/\/prefeitura.santarosa.rs.gov.br\/index.php?rest_route=\/wp\/v2\/media\/10962"}],"wp:attachment":[{"href":"https:\/\/prefeitura.santarosa.rs.gov.br\/index.php?rest_route=%2Fwp%2Fv2%2Fmedia&parent=10958"}],"wp:term":[{"taxonomy":"category","embeddable":true,"href":"https:\/\/prefeitura.santarosa.rs.gov.br\/index.php?rest_route=%2Fwp%2Fv2%2Fcategories&post=10958"},{"taxonomy":"post_tag","embeddable":true,"href":"https:\/\/prefeitura.santarosa.rs.gov.br\/index.php?rest_route=%2Fwp%2Fv2%2Ftags&post=10958"}],"curies":[{"name":"wp","href":"https:\/\/api.w.org\/{rel}","templated":true}]}}