{"id":10930,"date":"2024-10-07T17:26:28","date_gmt":"2024-10-07T20:26:28","guid":{"rendered":"https:\/\/prefeitura.santarosa.rs.gov.br\/?p=10930"},"modified":"2024-10-07T17:26:28","modified_gmt":"2024-10-07T20:26:28","slug":"duplicacao-da-av-pedro-schwertz-esta-65-concluida","status":"publish","type":"post","link":"https:\/\/prefeitura.santarosa.rs.gov.br\/?p=10930","title":{"rendered":"<strong>Duplica\u00e7\u00e3o da Av.Pedro Schwertz est\u00e1 65% conclu\u00edda<\/strong>"},"content":{"rendered":"\n<figure class=\"wp-block-image size-full\"><img fetchpriority=\"high\" decoding=\"async\" width=\"860\" height=\"645\" src=\"https:\/\/prefeitura.santarosa.rs.gov.br\/wp-content\/uploads\/2024\/10\/Formato-Site-e-Portal-860X645-JPG-2024-10-07T172431.066.jpg\" alt=\"\" class=\"wp-image-10931\" srcset=\"https:\/\/prefeitura.santarosa.rs.gov.br\/wp-content\/uploads\/2024\/10\/Formato-Site-e-Portal-860X645-JPG-2024-10-07T172431.066.jpg 860w, https:\/\/prefeitura.santarosa.rs.gov.br\/wp-content\/uploads\/2024\/10\/Formato-Site-e-Portal-860X645-JPG-2024-10-07T172431.066-300x225.jpg 300w, https:\/\/prefeitura.santarosa.rs.gov.br\/wp-content\/uploads\/2024\/10\/Formato-Site-e-Portal-860X645-JPG-2024-10-07T172431.066-768x576.jpg 768w\" sizes=\"(max-width: 860px) 100vw, 860px\" \/><\/figure>\n\n\n\n<p>A obra de duplica\u00e7\u00e3o, asfalto e drenagem da Av.&nbsp;Pedro&nbsp;Schwertz, est\u00e1 avan\u00e7ando. Mais de 65% do projeto j\u00e1 foi realizado e em breve ser\u00e1 conclu\u00edda a segunda via, na continuidade da Av. Am\u00e9rica. O local \u00e9 uma importante liga\u00e7\u00e3o do Centro com o bairro Cruzeiro. No momento, as equipes trabalham na impermeabiliza\u00e7\u00e3o da base para nos pr\u00f3ximos dias, executar a capa asf\u00e1ltica.<\/p>\n\n\n\n<p>Para avan\u00e7ar com essa amplia\u00e7\u00e3o, a Prefeitura realizou a desapropria\u00e7\u00e3o e aquisi\u00e7\u00e3o de 6 lotes (1.047,58 m\u00b2), e o deslocamento da rede de energia el\u00e9trica. Mais de R$ 1,2 milh\u00e3o de recursos pr\u00f3prios do munic\u00edpio foi investido nessa etapa. Com esta obra, a avenida vai passar a&nbsp;ter&nbsp;duas vias para cada sentido da pista. O Prefeito Anderson Mantei, destacou que essa era uma interven\u00e7\u00e3o necess\u00e1ria, pois \u00e9 uma via que possui um grande fluxo, \u201cEsta obra vai facilitar muito o tr\u00e1fego de ve\u00edculos, n\u00e3o s\u00f3 para os moradores do bairro Cruzeiro, mas tamb\u00e9m para todos que acessam a cidade por este local. Estamos atendendo esta antiga demanda e que vai dar mais mobilidade para esta importante liga\u00e7\u00e3o Centro\/Cruzeiro\u201d.<\/p>\n\n\n\n<p>O projeto de duplica\u00e7\u00e3o contempla asfalto e drenagem em uma \u00e1rea de 2.346,91 m\u00b2, entre a Rua Oeste e a Rua Norte. Al\u00e9m disso, ser\u00e3o realizados os servi\u00e7os complementares de execu\u00e7\u00e3o de passeio, rampas de acessibilidade e sinaliza\u00e7\u00e3o horizontal e vertical. Mais de 725 mil est\u00e3o sendo investidos na obra.<\/p>\n","protected":false},"excerpt":{"rendered":"<p>A obra de duplica\u00e7\u00e3o, asfalto e drenagem da Av.&nbsp;Pedro&nbsp;Schwertz, est\u00e1 avan\u00e7ando. Mais de 65% do projeto j\u00e1 foi realizado e<\/p>\n","protected":false},"author":6,"featured_media":10932,"comment_status":"closed","ping_status":"closed","sticky":false,"template":"","format":"standard","meta":{"footnotes":""},"categories":[4,22],"tags":[],"class_list":["post-10930","post","type-post","status-publish","format-standard","has-post-thumbnail","hentry","category-noticias","category-secretaria-municipal-de-planejamento-e-habitacao"],"aioseo_notices":[],"_links":{"self":[{"href":"https:\/\/prefeitura.santarosa.rs.gov.br\/index.php?rest_route=\/wp\/v2\/posts\/10930","targetHints":{"allow":["GET"]}}],"collection":[{"href":"https:\/\/prefeitura.santarosa.rs.gov.br\/index.php?rest_route=\/wp\/v2\/posts"}],"about":[{"href":"https:\/\/prefeitura.santarosa.rs.gov.br\/index.php?rest_route=\/wp\/v2\/types\/post"}],"author":[{"embeddable":true,"href":"https:\/\/prefeitura.santarosa.rs.gov.br\/index.php?rest_route=\/wp\/v2\/users\/6"}],"replies":[{"embeddable":true,"href":"https:\/\/prefeitura.santarosa.rs.gov.br\/index.php?rest_route=%2Fwp%2Fv2%2Fcomments&post=10930"}],"version-history":[{"count":1,"href":"https:\/\/prefeitura.santarosa.rs.gov.br\/index.php?rest_route=\/wp\/v2\/posts\/10930\/revisions"}],"predecessor-version":[{"id":10933,"href":"https:\/\/prefeitura.santarosa.rs.gov.br\/index.php?rest_route=\/wp\/v2\/posts\/10930\/revisions\/10933"}],"wp:featuredmedia":[{"embeddable":true,"href":"https:\/\/prefeitura.santarosa.rs.gov.br\/index.php?rest_route=\/wp\/v2\/media\/10932"}],"wp:attachment":[{"href":"https:\/\/prefeitura.santarosa.rs.gov.br\/index.php?rest_route=%2Fwp%2Fv2%2Fmedia&parent=10930"}],"wp:term":[{"taxonomy":"category","embeddable":true,"href":"https:\/\/prefeitura.santarosa.rs.gov.br\/index.php?rest_route=%2Fwp%2Fv2%2Fcategories&post=10930"},{"taxonomy":"post_tag","embeddable":true,"href":"https:\/\/prefeitura.santarosa.rs.gov.br\/index.php?rest_route=%2Fwp%2Fv2%2Ftags&post=10930"}],"curies":[{"name":"wp","href":"https:\/\/api.w.org\/{rel}","templated":true}]}}