{"id":10922,"date":"2024-10-07T16:56:37","date_gmt":"2024-10-07T19:56:37","guid":{"rendered":"https:\/\/prefeitura.santarosa.rs.gov.br\/?p=10922"},"modified":"2024-10-07T16:56:38","modified_gmt":"2024-10-07T19:56:38","slug":"moradias-do-programa-habitacional-a-casa-e-sua-estao-sendo-construidas-em-santa-rosa","status":"publish","type":"post","link":"https:\/\/prefeitura.santarosa.rs.gov.br\/?p=10922","title":{"rendered":"<strong>Moradias do Programa Habitacional \u201cA Casa \u00e9 Sua\u201d est\u00e3o sendo constru\u00eddas em Santa Rosa<\/strong>"},"content":{"rendered":"\n<figure class=\"wp-block-image size-full\"><img fetchpriority=\"high\" decoding=\"async\" width=\"860\" height=\"645\" src=\"https:\/\/prefeitura.santarosa.rs.gov.br\/wp-content\/uploads\/2024\/10\/Formato-Site-e-Portal-860X645-JPG-2024-10-07T165410.006.jpg\" alt=\"\" class=\"wp-image-10923\" srcset=\"https:\/\/prefeitura.santarosa.rs.gov.br\/wp-content\/uploads\/2024\/10\/Formato-Site-e-Portal-860X645-JPG-2024-10-07T165410.006.jpg 860w, https:\/\/prefeitura.santarosa.rs.gov.br\/wp-content\/uploads\/2024\/10\/Formato-Site-e-Portal-860X645-JPG-2024-10-07T165410.006-300x225.jpg 300w, https:\/\/prefeitura.santarosa.rs.gov.br\/wp-content\/uploads\/2024\/10\/Formato-Site-e-Portal-860X645-JPG-2024-10-07T165410.006-768x576.jpg 768w\" sizes=\"(max-width: 860px) 100vw, 860px\" \/><\/figure>\n\n\n\n<p>Iniciaram em Santa Rosa, as obras de constru\u00e7\u00e3o das 60 moradias do Programa Habitacional \u201cA Casa \u00e9 Sua\u201d, realizado em parceria com o Estado. Os servi\u00e7os come\u00e7aram na Cruzeiro do Sul, local onde ser\u00e3o entregues 45 resid\u00eancias. No momento, as equipes trabalham na terraplanagem dos terrenos para em seguida, executar a funda\u00e7\u00e3o das casas. Os im\u00f3veis ser\u00e3o instalados em locais com infraestrutura b\u00e1sica, rede de \u00e1gua, energia el\u00e9trica e esgoto sanit\u00e1rio.<\/p>\n\n\n\n<p>Al\u00e9m das 45 casas na Cruzeiro do Sul, tamb\u00e9m ser\u00e3o constru\u00eddas 15 casas na Auxiliadora II. Cada moradia ser\u00e1 composta de sala, cozinha, banheiro e dois quartos com \u00e1rea individual constru\u00edda de 44,42 m\u00b2. As unidades habitacionais foram direcionadas para fam\u00edlias cadastradas no programa, atrav\u00e9s de um sorteio p\u00fablico realizado em outubro do ano passado. O Prefeito Anderson Mantei, destacou que o Governo Municipal tem implementado a\u00e7\u00f5es para promover a qualidade de vida da popula\u00e7\u00e3o e a habita\u00e7\u00e3o \u00e9 uma das \u00e1reas com grandes investimentos, \u201cEste \u00e9 mais um programa habitacional que vai proporcionar o sonho da primeira&nbsp;casa&nbsp;pr\u00f3pria para 60 fam\u00edlias de Santa Rosa e n\u00f3s estamos comprometidos em avan\u00e7ar nesta \u00e1rea que \u00e9 t\u00e3o importante\u201d.<\/p>\n\n\n\n<p>O objetivo desta a\u00e7\u00e3o \u00e9 proporcionar mais bem-estar e infraestrutura para as fam\u00edlias beneficiadas. O prazo de execu\u00e7\u00e3o \u00e9 de 18 meses, conforme o contrato. Mais de R$ 8 milh\u00f5es (R$ 4,8 milh\u00f5es do Estado e R$ 3,3 milh\u00f5es do munic\u00edpio) ser\u00e3o investidos na constru\u00e7\u00e3o das casas.<\/p>\n","protected":false},"excerpt":{"rendered":"<p>Iniciaram em Santa Rosa, as obras de constru\u00e7\u00e3o das 60 moradias do Programa Habitacional \u201cA Casa \u00e9 Sua\u201d, realizado em<\/p>\n","protected":false},"author":6,"featured_media":10924,"comment_status":"closed","ping_status":"closed","sticky":false,"template":"","format":"standard","meta":{"footnotes":""},"categories":[4,22],"tags":[],"class_list":["post-10922","post","type-post","status-publish","format-standard","has-post-thumbnail","hentry","category-noticias","category-secretaria-municipal-de-planejamento-e-habitacao"],"aioseo_notices":[],"_links":{"self":[{"href":"https:\/\/prefeitura.santarosa.rs.gov.br\/index.php?rest_route=\/wp\/v2\/posts\/10922","targetHints":{"allow":["GET"]}}],"collection":[{"href":"https:\/\/prefeitura.santarosa.rs.gov.br\/index.php?rest_route=\/wp\/v2\/posts"}],"about":[{"href":"https:\/\/prefeitura.santarosa.rs.gov.br\/index.php?rest_route=\/wp\/v2\/types\/post"}],"author":[{"embeddable":true,"href":"https:\/\/prefeitura.santarosa.rs.gov.br\/index.php?rest_route=\/wp\/v2\/users\/6"}],"replies":[{"embeddable":true,"href":"https:\/\/prefeitura.santarosa.rs.gov.br\/index.php?rest_route=%2Fwp%2Fv2%2Fcomments&post=10922"}],"version-history":[{"count":1,"href":"https:\/\/prefeitura.santarosa.rs.gov.br\/index.php?rest_route=\/wp\/v2\/posts\/10922\/revisions"}],"predecessor-version":[{"id":10925,"href":"https:\/\/prefeitura.santarosa.rs.gov.br\/index.php?rest_route=\/wp\/v2\/posts\/10922\/revisions\/10925"}],"wp:featuredmedia":[{"embeddable":true,"href":"https:\/\/prefeitura.santarosa.rs.gov.br\/index.php?rest_route=\/wp\/v2\/media\/10924"}],"wp:attachment":[{"href":"https:\/\/prefeitura.santarosa.rs.gov.br\/index.php?rest_route=%2Fwp%2Fv2%2Fmedia&parent=10922"}],"wp:term":[{"taxonomy":"category","embeddable":true,"href":"https:\/\/prefeitura.santarosa.rs.gov.br\/index.php?rest_route=%2Fwp%2Fv2%2Fcategories&post=10922"},{"taxonomy":"post_tag","embeddable":true,"href":"https:\/\/prefeitura.santarosa.rs.gov.br\/index.php?rest_route=%2Fwp%2Fv2%2Ftags&post=10922"}],"curies":[{"name":"wp","href":"https:\/\/api.w.org\/{rel}","templated":true}]}}