{"id":1083,"date":"2021-08-09T09:18:00","date_gmt":"2021-08-09T12:18:00","guid":{"rendered":"https:\/\/prefeitura.santarosa.rs.gov.br\/?p=1083"},"modified":"2024-10-07T09:54:59","modified_gmt":"2024-10-07T12:54:59","slug":"projeto-circuito-musical-2-edicao","status":"publish","type":"post","link":"https:\/\/prefeitura.santarosa.rs.gov.br\/?p=1083","title":{"rendered":"Projeto CIRCUITO MUSICAL \u2013 2 EDI\u00c7\u00c3O"},"content":{"rendered":"\n<p>O projeto foi realizado atrav\u00e9s de um show instrumental da banda Ind\u00fastria Musical<\/p>\n\n\n\n<p>A Produtora Cultural, LUCANO CULTURA E MARKETING, realizou neste s\u00e1bado (7)<br>mais uma etapa do projeto CIRCUITO MUSICAL \u2013 2 EDI\u00c7\u00c3O, aprovado pelo Minist\u00e9rio do Turismo, Lei Rouanet. A live foi realizada com apoio da Prefeitura de Santa Rosa e patroc\u00ednio das lojas Becker. O evento online aconteceu no Parque de Exposi\u00e7\u00f5es e foi transmitido pela p\u00e1gina da Lucano e da Prefeitura. O show foi realizado em comemora\u00e7\u00e3o aos 90 anos de Santa Rosa.<\/p>\n\n\n\n<p>O projeto foi realizado atrav\u00e9s de um show instrumental da banda Ind\u00fastria Musical. O Prefeito Anderson Mantei participou do evento e agradeceu, \u201cMuito obrigado a todos que est\u00e3o nos acompanhando, estamos muito felizes de termos este presente nos 90 anos da cidade com um show da Industria Musical. Temos tantas coisas boas em nossa cidade e comemoramos esses 90 anos de uma hist\u00f3ria linda, com progresso, uma hist\u00f3ria que foi feita com tanta gente por tantas e tantas pessoas que fazem desta cidade uma terra aben\u00e7oada e que trata muito bem das suas pessoas\u201d.<\/p>\n\n\n\n<p>Loiara da Industria Musical fez a entrega simb\u00f3lica dos cds do projeto ao prefeito e a Denise diretora de Cultura.Ser\u00e3o distribu\u00eddos em Santa Rosa mais de 430 cds nas escolas, entidades e comunidades. O prefeito agradeceu a banda, a Lucano em nome da Lisete Friske ao seu Eleonor Becker pelo evento cultural e conclui, \u201cvamos juntos construir uma Santa Rosa ainda melhor\u201d.<\/p>\n","protected":false},"excerpt":{"rendered":"<p>O projeto foi realizado atrav\u00e9s de um show instrumental da banda Ind\u00fastria Musical A Produtora Cultural, LUCANO CULTURA E MARKETING,<\/p>\n","protected":false},"author":3,"featured_media":1084,"comment_status":"open","ping_status":"open","sticky":false,"template":"","format":"standard","meta":{"footnotes":""},"categories":[4,18],"tags":[],"class_list":["post-1083","post","type-post","status-publish","format-standard","has-post-thumbnail","hentry","category-noticias","category-secretaria-municipal-de-educacao-e-cultura"],"aioseo_notices":[],"_links":{"self":[{"href":"https:\/\/prefeitura.santarosa.rs.gov.br\/index.php?rest_route=\/wp\/v2\/posts\/1083","targetHints":{"allow":["GET"]}}],"collection":[{"href":"https:\/\/prefeitura.santarosa.rs.gov.br\/index.php?rest_route=\/wp\/v2\/posts"}],"about":[{"href":"https:\/\/prefeitura.santarosa.rs.gov.br\/index.php?rest_route=\/wp\/v2\/types\/post"}],"author":[{"embeddable":true,"href":"https:\/\/prefeitura.santarosa.rs.gov.br\/index.php?rest_route=\/wp\/v2\/users\/3"}],"replies":[{"embeddable":true,"href":"https:\/\/prefeitura.santarosa.rs.gov.br\/index.php?rest_route=%2Fwp%2Fv2%2Fcomments&post=1083"}],"version-history":[{"count":1,"href":"https:\/\/prefeitura.santarosa.rs.gov.br\/index.php?rest_route=\/wp\/v2\/posts\/1083\/revisions"}],"predecessor-version":[{"id":1085,"href":"https:\/\/prefeitura.santarosa.rs.gov.br\/index.php?rest_route=\/wp\/v2\/posts\/1083\/revisions\/1085"}],"wp:featuredmedia":[{"embeddable":true,"href":"https:\/\/prefeitura.santarosa.rs.gov.br\/index.php?rest_route=\/wp\/v2\/media\/1084"}],"wp:attachment":[{"href":"https:\/\/prefeitura.santarosa.rs.gov.br\/index.php?rest_route=%2Fwp%2Fv2%2Fmedia&parent=1083"}],"wp:term":[{"taxonomy":"category","embeddable":true,"href":"https:\/\/prefeitura.santarosa.rs.gov.br\/index.php?rest_route=%2Fwp%2Fv2%2Fcategories&post=1083"},{"taxonomy":"post_tag","embeddable":true,"href":"https:\/\/prefeitura.santarosa.rs.gov.br\/index.php?rest_route=%2Fwp%2Fv2%2Ftags&post=1083"}],"curies":[{"name":"wp","href":"https:\/\/api.w.org\/{rel}","templated":true}]}}