{"id":10798,"date":"2024-07-04T16:20:59","date_gmt":"2024-07-04T19:20:59","guid":{"rendered":"https:\/\/prefeitura.santarosa.rs.gov.br\/?p=10798"},"modified":"2024-10-07T09:51:05","modified_gmt":"2024-10-07T12:51:05","slug":"abertura-da-19a-feira-do-livro-de-santa-rosa","status":"publish","type":"post","link":"https:\/\/prefeitura.santarosa.rs.gov.br\/?p=10798","title":{"rendered":"<strong>Abertura da 19\u00aa Feira do Livro de Santa Rosa<\/strong>"},"content":{"rendered":"\n<figure class=\"wp-block-image size-full\"><img fetchpriority=\"high\" decoding=\"async\" width=\"860\" height=\"645\" src=\"https:\/\/prefeitura.santarosa.rs.gov.br\/wp-content\/uploads\/2024\/07\/Formato-Site-e-Portal-860X645-JPG-2024-07-04T142250.781.jpg\" alt=\"\" class=\"wp-image-10799\" srcset=\"https:\/\/prefeitura.santarosa.rs.gov.br\/wp-content\/uploads\/2024\/07\/Formato-Site-e-Portal-860X645-JPG-2024-07-04T142250.781.jpg 860w, https:\/\/prefeitura.santarosa.rs.gov.br\/wp-content\/uploads\/2024\/07\/Formato-Site-e-Portal-860X645-JPG-2024-07-04T142250.781-300x225.jpg 300w, https:\/\/prefeitura.santarosa.rs.gov.br\/wp-content\/uploads\/2024\/07\/Formato-Site-e-Portal-860X645-JPG-2024-07-04T142250.781-768x576.jpg 768w\" sizes=\"(max-width: 860px) 100vw, 860px\" \/><\/figure>\n\n\n\n<p>Ler e sempre aprender. Este \u00e9 o slogan da 19\u00aa Feira do Livro de Santa Rosa que foi aberta oficialmente na manh\u00e3 desta quinta-feira, (04). O evento que tem como tema central: \u201c200 anos da imigra\u00e7\u00e3o alem\u00e3 no Brasil\u201d, aconteceu na Pra\u00e7a da Bandeira e contou com belas apresenta\u00e7\u00f5es. Centenas de pessoas prestigiaram a solenidade, entre elas, autoridades, homenageados, livreiros, estudantes, professores e a comunidade. Pela terceira vez, a Feira do Livro de Santa Rosa, acontece ao ar livre, no cora\u00e7\u00e3o da cidade. A a\u00e7\u00e3o foi promovida pela Prefeitura, atrav\u00e9s da Secretaria de Educa\u00e7\u00e3o e Cultura, que organizou toda a estrutura para a popula\u00e7\u00e3o visitar a feira.<\/p>\n\n\n\n<p>Durante os 06 dias desta edi\u00e7\u00e3o, o p\u00fablico vai poder conferir diversas atividades, como: o lan\u00e7amento de 11 livros e publica\u00e7\u00f5es diversas, conta\u00e7\u00e3o de hist\u00f3rias, oficinas, apresenta\u00e7\u00f5es art\u00edsticas, palestras e homenagens. O prefeito Anderson Mantei, destacou a a\u00e7\u00e3o, \u201cEstamos contentes em realizar a abertura de mais uma edi\u00e7\u00e3o da Feira do Livro, um evento tradicional da nossa cidade e que re\u00fane toda a comunidade santa-rosense. Investimos mais uma vez no vale-livro que vai possibilitar que os alunos e professores da Rede Municipal de Ensino, possam adquirir um ou mais exemplares dispon\u00edveis no local\u201d.<\/p>\n\n\n\n<p>A 19\u00aa Feira do Livro tem como Patrono, o advogado, colunista e escritor, Aquiles Giovelli, e como Escritora Homenageada, a professora, S\u00f4nia Lorena Aver. A abertura contou tamb\u00e9m com a participa\u00e7\u00e3o do Coral 24 de Julho. A feira vai acontecer de 04 a 09 de julho, das 07h45min \u00e0s 19h, na Pra\u00e7a da Bandeira, em frente ao Centro Cultural Prof. Fioravante Pedrazani.<\/p>\n","protected":false},"excerpt":{"rendered":"<p>Ler e sempre aprender. Este \u00e9 o slogan da 19\u00aa Feira do Livro de Santa Rosa que foi aberta oficialmente<\/p>\n","protected":false},"author":6,"featured_media":10800,"comment_status":"closed","ping_status":"closed","sticky":false,"template":"","format":"standard","meta":{"footnotes":""},"categories":[4,18],"tags":[],"class_list":["post-10798","post","type-post","status-publish","format-standard","has-post-thumbnail","hentry","category-noticias","category-secretaria-municipal-de-educacao-e-cultura"],"aioseo_notices":[],"_links":{"self":[{"href":"https:\/\/prefeitura.santarosa.rs.gov.br\/index.php?rest_route=\/wp\/v2\/posts\/10798","targetHints":{"allow":["GET"]}}],"collection":[{"href":"https:\/\/prefeitura.santarosa.rs.gov.br\/index.php?rest_route=\/wp\/v2\/posts"}],"about":[{"href":"https:\/\/prefeitura.santarosa.rs.gov.br\/index.php?rest_route=\/wp\/v2\/types\/post"}],"author":[{"embeddable":true,"href":"https:\/\/prefeitura.santarosa.rs.gov.br\/index.php?rest_route=\/wp\/v2\/users\/6"}],"replies":[{"embeddable":true,"href":"https:\/\/prefeitura.santarosa.rs.gov.br\/index.php?rest_route=%2Fwp%2Fv2%2Fcomments&post=10798"}],"version-history":[{"count":1,"href":"https:\/\/prefeitura.santarosa.rs.gov.br\/index.php?rest_route=\/wp\/v2\/posts\/10798\/revisions"}],"predecessor-version":[{"id":10801,"href":"https:\/\/prefeitura.santarosa.rs.gov.br\/index.php?rest_route=\/wp\/v2\/posts\/10798\/revisions\/10801"}],"wp:featuredmedia":[{"embeddable":true,"href":"https:\/\/prefeitura.santarosa.rs.gov.br\/index.php?rest_route=\/wp\/v2\/media\/10800"}],"wp:attachment":[{"href":"https:\/\/prefeitura.santarosa.rs.gov.br\/index.php?rest_route=%2Fwp%2Fv2%2Fmedia&parent=10798"}],"wp:term":[{"taxonomy":"category","embeddable":true,"href":"https:\/\/prefeitura.santarosa.rs.gov.br\/index.php?rest_route=%2Fwp%2Fv2%2Fcategories&post=10798"},{"taxonomy":"post_tag","embeddable":true,"href":"https:\/\/prefeitura.santarosa.rs.gov.br\/index.php?rest_route=%2Fwp%2Fv2%2Ftags&post=10798"}],"curies":[{"name":"wp","href":"https:\/\/api.w.org\/{rel}","templated":true}]}}