{"id":10794,"date":"2024-07-04T10:16:56","date_gmt":"2024-07-04T13:16:56","guid":{"rendered":"https:\/\/prefeitura.santarosa.rs.gov.br\/?p=10794"},"modified":"2024-10-07T09:51:05","modified_gmt":"2024-10-07T12:51:05","slug":"inaugurada-a-obra-da-emei-amor-perfeito-na-vila-pereira","status":"publish","type":"post","link":"https:\/\/prefeitura.santarosa.rs.gov.br\/?p=10794","title":{"rendered":"<strong>Inaugurada a obra da EMEI Amor Perfeito na Vila Pereira<\/strong>"},"content":{"rendered":"\n<figure class=\"wp-block-image size-full\"><img fetchpriority=\"high\" decoding=\"async\" width=\"860\" height=\"645\" src=\"https:\/\/prefeitura.santarosa.rs.gov.br\/wp-content\/uploads\/2024\/07\/Formato-Site-e-Portal-860X645-JPG-2024-07-04T100805.061.jpg\" alt=\"\" class=\"wp-image-10795\" srcset=\"https:\/\/prefeitura.santarosa.rs.gov.br\/wp-content\/uploads\/2024\/07\/Formato-Site-e-Portal-860X645-JPG-2024-07-04T100805.061.jpg 860w, https:\/\/prefeitura.santarosa.rs.gov.br\/wp-content\/uploads\/2024\/07\/Formato-Site-e-Portal-860X645-JPG-2024-07-04T100805.061-300x225.jpg 300w, https:\/\/prefeitura.santarosa.rs.gov.br\/wp-content\/uploads\/2024\/07\/Formato-Site-e-Portal-860X645-JPG-2024-07-04T100805.061-768x576.jpg 768w\" sizes=\"(max-width: 860px) 100vw, 860px\" \/><\/figure>\n\n\n\n<p>A Prefeitura de Santa Rosa concluiu a constru\u00e7\u00e3o da nova Escola Municipal de Educa\u00e7\u00e3o Infantil Amor Perfeito, na Vila Pereira. Na tarde desta quarta-feira (03), foi realizada a inaugura\u00e7\u00e3o do pr\u00e9dio que conta com 1.510,23 m\u00b2 de \u00e1rea. A a\u00e7\u00e3o contou com a presen\u00e7a de autoridades, profissionais da educa\u00e7\u00e3o e alunos da Rede Municipal de Ensino. Mais de R$ 6 milh\u00f5es de recursos pr\u00f3prios, das economias da gest\u00e3o, foram investidos no projeto.<\/p>\n\n\n\n<p>O local rec\u00e9m constru\u00eddo possibilitou a abertura de novas vagas para a educa\u00e7\u00e3o infantil. Antes, a EMEI atendia 76 crian\u00e7as, em turmas de ber\u00e7\u00e1rio, maternal e pr\u00e9-escola. Com o novo pr\u00e9dio, o n\u00famero de turmas foi ampliado e mais de 100 novas vagas foram disponibilizadas (alunos que estavam na lista de espera da Central de Vagas e est\u00e3o sendo chamados pela Secretaria de Educa\u00e7\u00e3o). O prefeito Anderson Mantei destacou que esta era uma promessa de campanha e um pedido da comunidade que foi atendido, \u201cAssim como prometemos, estamos investindo na educa\u00e7\u00e3o, na constru\u00e7\u00e3o de novas escolas e na amplia\u00e7\u00e3o de vagas. Estamos muito contentes de poder entregar para a comunidade, uma escola nova, com toda a infraestrutura necess\u00e1ria para oferecer um ensino de qualidade\u201d.<\/p>\n\n\n\n<p>A EMEI Amor Perfeito fica localizada na Rua Jos\u00e9 Maic\u00e1, n\u00ba 75 \u2013 Vila Pereira, no bairro Cruzeiro. A unidade vai contar com 10 salas de aula, refeit\u00f3rio, sala de professores, sol\u00e1rios, espa\u00e7o recreativo e demais ambientes planejados e organizados. Al\u00e9m da amplia\u00e7\u00e3o das turmas e do n\u00famero de vagas, a Prefeitura tamb\u00e9m refor\u00e7ou o quadro de profissionais com a nomea\u00e7\u00e3o de mais 10 monitores e 3 professores de educa\u00e7\u00e3o infantil. Dessa forma, em torno de 30 profissionais ir\u00e3o propiciar um atendimento de qualidade para as crian\u00e7as atendidas no local.<\/p>\n\n\n\n<p>Al\u00e9m dessa obra que foi inaugurada, outras 2 escolas est\u00e3o em execu\u00e7\u00e3o no munic\u00edpio. A EMEI S\u00e3o Francisco (S\u00e3o Francisco) e Andressa Ferreira (Sulina), que est\u00e3o em fase final de execu\u00e7\u00e3o. Outra novidade desta semana, foi o an\u00fancio da constru\u00e7\u00e3o de uma nova escola de educa\u00e7\u00e3o infantil, EMEI Edwino Walter Fehlauer, no Loteamento Vargas e que vai possibilitar o atendimento de at\u00e9 376 crian\u00e7as, em dois turnos (matutino e vespertino), ou 188 crian\u00e7as em per\u00edodo integral.<\/p>\n","protected":false},"excerpt":{"rendered":"<p>A Prefeitura de Santa Rosa concluiu a constru\u00e7\u00e3o da nova Escola Municipal de Educa\u00e7\u00e3o Infantil Amor Perfeito, na Vila Pereira.<\/p>\n","protected":false},"author":6,"featured_media":10796,"comment_status":"closed","ping_status":"closed","sticky":false,"template":"","format":"standard","meta":{"footnotes":""},"categories":[4,18],"tags":[],"class_list":["post-10794","post","type-post","status-publish","format-standard","has-post-thumbnail","hentry","category-noticias","category-secretaria-municipal-de-educacao-e-cultura"],"aioseo_notices":[],"_links":{"self":[{"href":"https:\/\/prefeitura.santarosa.rs.gov.br\/index.php?rest_route=\/wp\/v2\/posts\/10794","targetHints":{"allow":["GET"]}}],"collection":[{"href":"https:\/\/prefeitura.santarosa.rs.gov.br\/index.php?rest_route=\/wp\/v2\/posts"}],"about":[{"href":"https:\/\/prefeitura.santarosa.rs.gov.br\/index.php?rest_route=\/wp\/v2\/types\/post"}],"author":[{"embeddable":true,"href":"https:\/\/prefeitura.santarosa.rs.gov.br\/index.php?rest_route=\/wp\/v2\/users\/6"}],"replies":[{"embeddable":true,"href":"https:\/\/prefeitura.santarosa.rs.gov.br\/index.php?rest_route=%2Fwp%2Fv2%2Fcomments&post=10794"}],"version-history":[{"count":1,"href":"https:\/\/prefeitura.santarosa.rs.gov.br\/index.php?rest_route=\/wp\/v2\/posts\/10794\/revisions"}],"predecessor-version":[{"id":10797,"href":"https:\/\/prefeitura.santarosa.rs.gov.br\/index.php?rest_route=\/wp\/v2\/posts\/10794\/revisions\/10797"}],"wp:featuredmedia":[{"embeddable":true,"href":"https:\/\/prefeitura.santarosa.rs.gov.br\/index.php?rest_route=\/wp\/v2\/media\/10796"}],"wp:attachment":[{"href":"https:\/\/prefeitura.santarosa.rs.gov.br\/index.php?rest_route=%2Fwp%2Fv2%2Fmedia&parent=10794"}],"wp:term":[{"taxonomy":"category","embeddable":true,"href":"https:\/\/prefeitura.santarosa.rs.gov.br\/index.php?rest_route=%2Fwp%2Fv2%2Fcategories&post=10794"},{"taxonomy":"post_tag","embeddable":true,"href":"https:\/\/prefeitura.santarosa.rs.gov.br\/index.php?rest_route=%2Fwp%2Fv2%2Ftags&post=10794"}],"curies":[{"name":"wp","href":"https:\/\/api.w.org\/{rel}","templated":true}]}}