{"id":10789,"date":"2024-07-03T15:30:00","date_gmt":"2024-07-03T18:30:00","guid":{"rendered":"https:\/\/prefeitura.santarosa.rs.gov.br\/?p=10789"},"modified":"2024-10-07T09:51:05","modified_gmt":"2024-10-07T12:51:05","slug":"obras-de-ligacao-entre-o-bairro-sao-francisco-e-o-distrito-industrial-sao-inauguradas","status":"publish","type":"post","link":"https:\/\/prefeitura.santarosa.rs.gov.br\/?p=10789","title":{"rendered":"<strong>Obras de liga\u00e7\u00e3o entre o bairro S\u00e3o Francisco e o Distrito Industrial s\u00e3o inauguradas<\/strong>"},"content":{"rendered":"\n<p><em>Mais de R$ 8,3 milh\u00f5es foram investidos no local<\/em><\/p>\n\n\n\n<figure class=\"wp-block-image size-full\"><img fetchpriority=\"high\" decoding=\"async\" width=\"860\" height=\"645\" src=\"https:\/\/prefeitura.santarosa.rs.gov.br\/wp-content\/uploads\/2024\/07\/Formato-Site-e-Portal-860X645-JPG-2024-07-03T152745.627.jpg\" alt=\"\" class=\"wp-image-10790\" srcset=\"https:\/\/prefeitura.santarosa.rs.gov.br\/wp-content\/uploads\/2024\/07\/Formato-Site-e-Portal-860X645-JPG-2024-07-03T152745.627.jpg 860w, https:\/\/prefeitura.santarosa.rs.gov.br\/wp-content\/uploads\/2024\/07\/Formato-Site-e-Portal-860X645-JPG-2024-07-03T152745.627-300x225.jpg 300w, https:\/\/prefeitura.santarosa.rs.gov.br\/wp-content\/uploads\/2024\/07\/Formato-Site-e-Portal-860X645-JPG-2024-07-03T152745.627-768x576.jpg 768w\" sizes=\"(max-width: 860px) 100vw, 860px\" \/><\/figure>\n\n\n\n<p>A obra de liga\u00e7\u00e3o entre o bairro S\u00e3o Francisco (passando pela frente do Ca\u00e7a e Pesca) e o Distrito Industrial foi conclu\u00edda pelo Governo Municipal. Na tarde desta quarta-feira (03), foi realizada uma solenidade de inaugura\u00e7\u00e3o das obras de pavimenta\u00e7\u00e3o e da implementa\u00e7\u00e3o do Distrito Industrial III (expans\u00e3o do Distrito Industrial). O projeto contemplou 2 etapas com diversas melhorias na infraestrutura. A primeira delas, de pavimenta\u00e7\u00e3o asf\u00e1ltica e a outra de obras de cal\u00e7amento em ruas internas do distrito. Local dos terrenos para as futuras ind\u00fastrias se instalarem. Foram investidos mais de R$ 8,3 milh\u00f5es nesta \u00e1rea t\u00e3o importante e que vai trazer ainda mais desenvolvimento de Santa Rosa.<\/p>\n\n\n\n<p>A partir desta liga\u00e7\u00e3o, a popula\u00e7\u00e3o ter\u00e1 acesso a um novo trajeto para o Distrito Industrial e para uma das sa\u00eddas da cidade pelo bairro S\u00e3o Francisco. O prefeito Anderson Mantei, destaca que as melhorias significam um grande avan\u00e7o para o desenvolvimento de Santa Rosa, \u201cEsta \u00e9 uma das grandes obras realizadas no munic\u00edpio e que vai facilitar o deslocamento das pessoas que necessitam utilizar esse trajeto para ir trabalhar no distrito, como tamb\u00e9m, para acessar a cidade ou para quem mora naquela regi\u00e3o\u201d.<\/p>\n\n\n\n<p>Al\u00e9m da pavimenta\u00e7\u00e3o, foi realizada tamb\u00e9m no local, a execu\u00e7\u00e3o da rede de abastecimento de \u00e1gua. Do valor total investido, R$ 6,3 milh\u00f5es s\u00e3o de recursos pr\u00f3prios do munic\u00edpio, das economias da Gest\u00e3o e R$ 2 milh\u00f5es do programa Avan\u00e7ar Pavimenta, do Estado do Rio Grande do Sul, atrav\u00e9s de conv\u00eanio com a SAAM (Secretaria de Articula\u00e7\u00e3o e Apoio aos Munic\u00edpios). O loteamento est\u00e1 pronto e conta com 20 novos lotes para a instala\u00e7\u00e3o de ind\u00fastrias em Santa Rosa.<\/p>\n","protected":false},"excerpt":{"rendered":"<p>Mais de R$ 8,3 milh\u00f5es foram investidos no local A obra de liga\u00e7\u00e3o entre o bairro S\u00e3o Francisco (passando pela<\/p>\n","protected":false},"author":6,"featured_media":10791,"comment_status":"closed","ping_status":"closed","sticky":false,"template":"","format":"standard","meta":{"footnotes":""},"categories":[4,22],"tags":[],"class_list":["post-10789","post","type-post","status-publish","format-standard","has-post-thumbnail","hentry","category-noticias","category-secretaria-municipal-de-planejamento-e-habitacao"],"aioseo_notices":[],"_links":{"self":[{"href":"https:\/\/prefeitura.santarosa.rs.gov.br\/index.php?rest_route=\/wp\/v2\/posts\/10789","targetHints":{"allow":["GET"]}}],"collection":[{"href":"https:\/\/prefeitura.santarosa.rs.gov.br\/index.php?rest_route=\/wp\/v2\/posts"}],"about":[{"href":"https:\/\/prefeitura.santarosa.rs.gov.br\/index.php?rest_route=\/wp\/v2\/types\/post"}],"author":[{"embeddable":true,"href":"https:\/\/prefeitura.santarosa.rs.gov.br\/index.php?rest_route=\/wp\/v2\/users\/6"}],"replies":[{"embeddable":true,"href":"https:\/\/prefeitura.santarosa.rs.gov.br\/index.php?rest_route=%2Fwp%2Fv2%2Fcomments&post=10789"}],"version-history":[{"count":2,"href":"https:\/\/prefeitura.santarosa.rs.gov.br\/index.php?rest_route=\/wp\/v2\/posts\/10789\/revisions"}],"predecessor-version":[{"id":10793,"href":"https:\/\/prefeitura.santarosa.rs.gov.br\/index.php?rest_route=\/wp\/v2\/posts\/10789\/revisions\/10793"}],"wp:featuredmedia":[{"embeddable":true,"href":"https:\/\/prefeitura.santarosa.rs.gov.br\/index.php?rest_route=\/wp\/v2\/media\/10791"}],"wp:attachment":[{"href":"https:\/\/prefeitura.santarosa.rs.gov.br\/index.php?rest_route=%2Fwp%2Fv2%2Fmedia&parent=10789"}],"wp:term":[{"taxonomy":"category","embeddable":true,"href":"https:\/\/prefeitura.santarosa.rs.gov.br\/index.php?rest_route=%2Fwp%2Fv2%2Fcategories&post=10789"},{"taxonomy":"post_tag","embeddable":true,"href":"https:\/\/prefeitura.santarosa.rs.gov.br\/index.php?rest_route=%2Fwp%2Fv2%2Ftags&post=10789"}],"curies":[{"name":"wp","href":"https:\/\/api.w.org\/{rel}","templated":true}]}}