{"id":10784,"date":"2024-07-02T17:05:33","date_gmt":"2024-07-02T20:05:33","guid":{"rendered":"https:\/\/prefeitura.santarosa.rs.gov.br\/?p=10784"},"modified":"2024-10-07T09:51:05","modified_gmt":"2024-10-07T12:51:05","slug":"santa-rosa-vai-ter-mais-uma-nova-escola-de-educacao-infantil","status":"publish","type":"post","link":"https:\/\/prefeitura.santarosa.rs.gov.br\/?p=10784","title":{"rendered":"<strong>Santa Rosa vai ter mais uma nova escola de educa\u00e7\u00e3o infantil<\/strong>"},"content":{"rendered":"\n<p><em>Cerca de R$ 6 milh\u00f5es ser\u00e3o investidos na obra<\/em><\/p>\n\n\n\n<figure class=\"wp-block-image size-full\"><img fetchpriority=\"high\" decoding=\"async\" width=\"860\" height=\"645\" src=\"https:\/\/prefeitura.santarosa.rs.gov.br\/wp-content\/uploads\/2024\/07\/Formato-Site-e-Portal-860X645-JPG-2024-07-02T170444.832.jpg\" alt=\"\" class=\"wp-image-10785\" srcset=\"https:\/\/prefeitura.santarosa.rs.gov.br\/wp-content\/uploads\/2024\/07\/Formato-Site-e-Portal-860X645-JPG-2024-07-02T170444.832.jpg 860w, https:\/\/prefeitura.santarosa.rs.gov.br\/wp-content\/uploads\/2024\/07\/Formato-Site-e-Portal-860X645-JPG-2024-07-02T170444.832-300x225.jpg 300w, https:\/\/prefeitura.santarosa.rs.gov.br\/wp-content\/uploads\/2024\/07\/Formato-Site-e-Portal-860X645-JPG-2024-07-02T170444.832-768x576.jpg 768w\" sizes=\"(max-width: 860px) 100vw, 860px\" \/><\/figure>\n\n\n\n<p>O Governo Municipal tem realizado grandes melhorias em Santa Rosa. Um dos focos tem sido a educa\u00e7\u00e3o e a abertura de novas vagas na Rede Municipal de Ensino. Na tarde desta ter\u00e7a-feira (02), mais um grande avan\u00e7o foi realizado. Aconteceu no Gabinete, a assinatura de um Termo de Compromisso entre o munic\u00edpio e a Uni\u00e3o Federal, para a constru\u00e7\u00e3o de uma nova escola de educa\u00e7\u00e3o infantil. A a\u00e7\u00e3o faz parte do Novo PAC, do Fundo Nacional de Desenvolvimento da Educa\u00e7\u00e3o representado pela Caixa Econ\u00f4mica Federal. A nova EMEI ter\u00e1 o nome: Edwino Walter Fehlauer e vai estar localizada no Loteamento Vargas, no bairro Central. Cerca de R$ 6 milh\u00f5es ser\u00e3o investidos na obra.<\/p>\n\n\n\n<p>A nova escola vai possibilitar a abertura de vagas. O pr\u00e9dio ter\u00e1 capacidade de atendimento de at\u00e9 376 crian\u00e7as, em dois turnos (matutino e vespertino), ou 188 crian\u00e7as em per\u00edodo integral. O prefeito Anderson Mantei, destacou que com esta creche, Santa Rosa vai passar a ter 4 novas escolas de educa\u00e7\u00e3o infantil, \u201cEstamos atendendo a esta importante demanda da popula\u00e7\u00e3o que \u00e9 a cria\u00e7\u00e3o de novas vagas para o atendimento das nossas crian\u00e7as. Ser\u00e3o 4 escolas novas, todas equipadas e com infraestrutura para oferecer uma educa\u00e7\u00e3o de qualidade aos santa-rosenses\u201d.<\/p>\n\n\n\n<p>A EMEI Edwino Walter Fehlauer, vai ser constru\u00edda na Rua Am\u00e9lio Petrazzini, n\u00b0 500, no Loteamento Vargas. O valor total ser\u00e1 de R$ 5.820.768,52 sendo R$ 5.746.739,41 referente ao repasse da Uni\u00e3o e R$ 74.029,11 de contrapartida do Munic\u00edpio. Participam, do ato de assinatura, o filho e o neto de Edwino Walter Fehlauer, J\u00falio Fehlauer e Gustavo Fehlauer, o Secret\u00e1rio de Planejamento e Habita\u00e7\u00e3o, Cl\u00e1udio Franke, a Diretora de Capta\u00e7\u00e3o e Recursos, Caliandra Perini e pela Caixa Econ\u00f4mica Federal, a Supervisora da GIGOVPF, N\u00edcole M\u00fcller, o Gerente Geral de Rede da Ag\u00eancia Santa Rosa, Eduardo Carpenedo Steffen e o Superintendente Executivo de Varejo da Superintend\u00eancia Executiva de Varejo de Santa Rosa, Ruben Valter Grams.<\/p>\n\n\n\n<p>Al\u00e9m desse projeto que vai iniciar, outras 3 escolas est\u00e3o em execu\u00e7\u00e3o no munic\u00edpio. A EMEI Amor Perfeito, na Vila Pereira, que ser\u00e1 inaugurada nesta quarta-feira (03), e as EMEIs S\u00e3o Francisco (S\u00e3o Francisco) e Andressa Ferreira (Sulina), que est\u00e3o em fase final de constru\u00e7\u00e3o. Mais de R$ 15 milh\u00f5es est\u00e3o sendo investidos nestes tr\u00eas pr\u00e9dios que v\u00e3o proporcionar 559 novas vagas.<\/p>\n","protected":false},"excerpt":{"rendered":"<p>Cerca de R$ 6 milh\u00f5es ser\u00e3o investidos na obra O Governo Municipal tem realizado grandes melhorias em Santa Rosa. Um<\/p>\n","protected":false},"author":6,"featured_media":10786,"comment_status":"closed","ping_status":"closed","sticky":false,"template":"","format":"standard","meta":{"footnotes":""},"categories":[4,18,22],"tags":[],"class_list":["post-10784","post","type-post","status-publish","format-standard","has-post-thumbnail","hentry","category-noticias","category-secretaria-municipal-de-educacao-e-cultura","category-secretaria-municipal-de-planejamento-e-habitacao"],"aioseo_notices":[],"_links":{"self":[{"href":"https:\/\/prefeitura.santarosa.rs.gov.br\/index.php?rest_route=\/wp\/v2\/posts\/10784","targetHints":{"allow":["GET"]}}],"collection":[{"href":"https:\/\/prefeitura.santarosa.rs.gov.br\/index.php?rest_route=\/wp\/v2\/posts"}],"about":[{"href":"https:\/\/prefeitura.santarosa.rs.gov.br\/index.php?rest_route=\/wp\/v2\/types\/post"}],"author":[{"embeddable":true,"href":"https:\/\/prefeitura.santarosa.rs.gov.br\/index.php?rest_route=\/wp\/v2\/users\/6"}],"replies":[{"embeddable":true,"href":"https:\/\/prefeitura.santarosa.rs.gov.br\/index.php?rest_route=%2Fwp%2Fv2%2Fcomments&post=10784"}],"version-history":[{"count":1,"href":"https:\/\/prefeitura.santarosa.rs.gov.br\/index.php?rest_route=\/wp\/v2\/posts\/10784\/revisions"}],"predecessor-version":[{"id":10787,"href":"https:\/\/prefeitura.santarosa.rs.gov.br\/index.php?rest_route=\/wp\/v2\/posts\/10784\/revisions\/10787"}],"wp:featuredmedia":[{"embeddable":true,"href":"https:\/\/prefeitura.santarosa.rs.gov.br\/index.php?rest_route=\/wp\/v2\/media\/10786"}],"wp:attachment":[{"href":"https:\/\/prefeitura.santarosa.rs.gov.br\/index.php?rest_route=%2Fwp%2Fv2%2Fmedia&parent=10784"}],"wp:term":[{"taxonomy":"category","embeddable":true,"href":"https:\/\/prefeitura.santarosa.rs.gov.br\/index.php?rest_route=%2Fwp%2Fv2%2Fcategories&post=10784"},{"taxonomy":"post_tag","embeddable":true,"href":"https:\/\/prefeitura.santarosa.rs.gov.br\/index.php?rest_route=%2Fwp%2Fv2%2Ftags&post=10784"}],"curies":[{"name":"wp","href":"https:\/\/api.w.org\/{rel}","templated":true}]}}