{"id":10780,"date":"2024-07-02T16:55:12","date_gmt":"2024-07-02T19:55:12","guid":{"rendered":"https:\/\/prefeitura.santarosa.rs.gov.br\/?p=10780"},"modified":"2024-10-07T09:51:05","modified_gmt":"2024-10-07T12:51:05","slug":"site-e-redes-sociais-da-prefeitura-de-santa-rosa-serao-adaptados-para-atender-a-legislacao-eleitoral","status":"publish","type":"post","link":"https:\/\/prefeitura.santarosa.rs.gov.br\/?p=10780","title":{"rendered":"<strong>Site e redes sociais da Prefeitura de Santa Rosa ser\u00e3o adaptados para atender \u00e0 legisla\u00e7\u00e3o eleitoral<\/strong>"},"content":{"rendered":"\n<figure class=\"wp-block-image size-full\"><img fetchpriority=\"high\" decoding=\"async\" width=\"860\" height=\"645\" src=\"https:\/\/prefeitura.santarosa.rs.gov.br\/wp-content\/uploads\/2024\/07\/Formato-Site-e-Portal-860X645-JPG-2024-07-02T164648.769.jpg\" alt=\"\" class=\"wp-image-10781\" srcset=\"https:\/\/prefeitura.santarosa.rs.gov.br\/wp-content\/uploads\/2024\/07\/Formato-Site-e-Portal-860X645-JPG-2024-07-02T164648.769.jpg 860w, https:\/\/prefeitura.santarosa.rs.gov.br\/wp-content\/uploads\/2024\/07\/Formato-Site-e-Portal-860X645-JPG-2024-07-02T164648.769-300x225.jpg 300w, https:\/\/prefeitura.santarosa.rs.gov.br\/wp-content\/uploads\/2024\/07\/Formato-Site-e-Portal-860X645-JPG-2024-07-02T164648.769-768x576.jpg 768w\" sizes=\"(max-width: 860px) 100vw, 860px\" \/><\/figure>\n\n\n\n<p>Em fun\u00e7\u00e3o das elei\u00e7\u00f5es de 2024, os canais oficiais de comunica\u00e7\u00e3o e divulga\u00e7\u00e3o da Prefeitura de Santa Rosa ser\u00e3o adaptados durante o per\u00edodo que come\u00e7a no dia 06 de julho (tr\u00eas meses antes do pleito) e vai at\u00e9 06 de outubro. Os ajustes s\u00e3o necess\u00e1rios para atender as exig\u00eancias impostas pela legisla\u00e7\u00e3o eleitoral.<\/p>\n\n\n\n<p>Neste per\u00edodo, parte do conte\u00fado no site da gest\u00e3o municipal ser\u00e1 desativado temporariamente, noticiando apenas informa\u00e7\u00f5es de car\u00e1ter estritamente informativo ou focadas na presta\u00e7\u00e3o de servi\u00e7os ao cidad\u00e3o.<\/p>\n\n\n\n<p>As redes sociais oficiais, como o canal do Youtube, Instagram e Facebook, tamb\u00e9m v\u00e3o estar desativadas temporariamente e, ap\u00f3s as elei\u00e7\u00f5es, ter\u00e3o seus conte\u00fados restabelecidos.<\/p>\n","protected":false},"excerpt":{"rendered":"<p>Em fun\u00e7\u00e3o das elei\u00e7\u00f5es de 2024, os canais oficiais de comunica\u00e7\u00e3o e divulga\u00e7\u00e3o da Prefeitura de Santa Rosa ser\u00e3o adaptados<\/p>\n","protected":false},"author":6,"featured_media":10782,"comment_status":"closed","ping_status":"closed","sticky":false,"template":"","format":"standard","meta":{"footnotes":""},"categories":[4,15],"tags":[],"class_list":["post-10780","post","type-post","status-publish","format-standard","has-post-thumbnail","hentry","category-noticias","category-secretaria-municipal-de-comunicacao"],"aioseo_notices":[],"_links":{"self":[{"href":"https:\/\/prefeitura.santarosa.rs.gov.br\/index.php?rest_route=\/wp\/v2\/posts\/10780","targetHints":{"allow":["GET"]}}],"collection":[{"href":"https:\/\/prefeitura.santarosa.rs.gov.br\/index.php?rest_route=\/wp\/v2\/posts"}],"about":[{"href":"https:\/\/prefeitura.santarosa.rs.gov.br\/index.php?rest_route=\/wp\/v2\/types\/post"}],"author":[{"embeddable":true,"href":"https:\/\/prefeitura.santarosa.rs.gov.br\/index.php?rest_route=\/wp\/v2\/users\/6"}],"replies":[{"embeddable":true,"href":"https:\/\/prefeitura.santarosa.rs.gov.br\/index.php?rest_route=%2Fwp%2Fv2%2Fcomments&post=10780"}],"version-history":[{"count":1,"href":"https:\/\/prefeitura.santarosa.rs.gov.br\/index.php?rest_route=\/wp\/v2\/posts\/10780\/revisions"}],"predecessor-version":[{"id":10783,"href":"https:\/\/prefeitura.santarosa.rs.gov.br\/index.php?rest_route=\/wp\/v2\/posts\/10780\/revisions\/10783"}],"wp:featuredmedia":[{"embeddable":true,"href":"https:\/\/prefeitura.santarosa.rs.gov.br\/index.php?rest_route=\/wp\/v2\/media\/10782"}],"wp:attachment":[{"href":"https:\/\/prefeitura.santarosa.rs.gov.br\/index.php?rest_route=%2Fwp%2Fv2%2Fmedia&parent=10780"}],"wp:term":[{"taxonomy":"category","embeddable":true,"href":"https:\/\/prefeitura.santarosa.rs.gov.br\/index.php?rest_route=%2Fwp%2Fv2%2Fcategories&post=10780"},{"taxonomy":"post_tag","embeddable":true,"href":"https:\/\/prefeitura.santarosa.rs.gov.br\/index.php?rest_route=%2Fwp%2Fv2%2Ftags&post=10780"}],"curies":[{"name":"wp","href":"https:\/\/api.w.org\/{rel}","templated":true}]}}