{"id":10776,"date":"2024-07-02T15:15:44","date_gmt":"2024-07-02T18:15:44","guid":{"rendered":"https:\/\/prefeitura.santarosa.rs.gov.br\/?p=10776"},"modified":"2024-10-07T09:51:05","modified_gmt":"2024-10-07T12:51:05","slug":"saude-digital-integrada-santa-rosa-apresenta-iniciativa-inedita-no-interior-do-rs","status":"publish","type":"post","link":"https:\/\/prefeitura.santarosa.rs.gov.br\/?p=10776","title":{"rendered":"<strong>\u201cSa\u00fade Digital Integrada\u201d: Santa Rosa apresenta iniciativa in\u00e9dita no interior do RS<\/strong>"},"content":{"rendered":"\n<p><em>Iniciativa possibilitar\u00e1 mais agilidade e resolutividade no atendimento de pacientes SUS de Santa Rosa<\/em><\/p>\n\n\n\n<figure class=\"wp-block-image size-full\"><img fetchpriority=\"high\" decoding=\"async\" width=\"860\" height=\"645\" src=\"https:\/\/prefeitura.santarosa.rs.gov.br\/wp-content\/uploads\/2024\/07\/Formato-Site-e-Portal-860X645-JPG-2024-07-02T151514.628.jpg\" alt=\"\" class=\"wp-image-10777\" srcset=\"https:\/\/prefeitura.santarosa.rs.gov.br\/wp-content\/uploads\/2024\/07\/Formato-Site-e-Portal-860X645-JPG-2024-07-02T151514.628.jpg 860w, https:\/\/prefeitura.santarosa.rs.gov.br\/wp-content\/uploads\/2024\/07\/Formato-Site-e-Portal-860X645-JPG-2024-07-02T151514.628-300x225.jpg 300w, https:\/\/prefeitura.santarosa.rs.gov.br\/wp-content\/uploads\/2024\/07\/Formato-Site-e-Portal-860X645-JPG-2024-07-02T151514.628-768x576.jpg 768w\" sizes=\"(max-width: 860px) 100vw, 860px\" \/><\/figure>\n\n\n\n<p>A Funda\u00e7\u00e3o Municipal de Sa\u00fade de Santa Rosa (FUMSSAR) e o Hospital Vida &amp; Sa\u00fade assinaram na manh\u00e3 desta ter\u00e7a-feira (02), um Termo de Coopera\u00e7\u00e3o para colocar em pr\u00e1tica o projeto: \u201cSa\u00fade Digital Integrada\u201d. O evento aconteceu no 9\u00ba andar da Nova Unidade do Vida &amp; Sa\u00fade e contou com a presen\u00e7a de autoridades e profissionais de sa\u00fade. A iniciativa tem como objetivo interligar os sistemas do hospital e das 18 Unidades B\u00e1sicas de Sa\u00fade do munic\u00edpio.<\/p>\n\n\n\n<p>A ideia, in\u00e9dita no Rio Grande do Sul, na pr\u00e1tica, vai facilitar e agilizar o atendimento aos pacientes do Sistema \u00danico de Sa\u00fade (SUS). O prefeito Anderson Mantei, destacou a import\u00e2ncia da a\u00e7\u00e3o: \u201cEsse \u00e9 um passo muito importante para integra\u00e7\u00e3o dos nossos atendimentos, dessa forma teremos informa\u00e7\u00f5es mais qualificadas e um atendimento mais assertivo\u201d.<\/p>\n\n\n\n<p>Para o presidente do Hospital, Sidnei Strejevitch, a iniciativa trar\u00e1 um importante benef\u00edcio para o tratamento e acompanhamento dos pacientes de Santa Rosa. \u201cEste \u00e9 um projeto que fica como legado para a comunidade de Santa Rosa e regi\u00e3o e que servir\u00e1 como modelo para outros in\u00fameros munic\u00edpios, promovendo atendimentos mais completos e mais resolutivos\u201d, ressaltou.<\/p>\n\n\n\n<p>Com o termo de coopera\u00e7\u00e3o assinado, as duas institui\u00e7\u00f5es passam a compartilhar dados, possibilitando o acesso ao hist\u00f3rico de atendimento do paciente, tanto nas unidades de sa\u00fade, quanto no atendimento hospitalar. Ou seja, quando o paciente procurar atendimento hospitalar ou na Unidade de Pronto Atendimento (UPA), os profissionais poder\u00e3o acessar os exames laboratoriais e os atendimentos j\u00e1 realizados na Unidade B\u00e1sica. Todo o acesso \u00e0 ficha t\u00e9cnica do paciente, leva em conta as diretrizes da Lei Geral de Prote\u00e7\u00e3o de Dados (LGPD).<\/p>\n\n\n\n<p>A ideia \u00e9 que a interliga\u00e7\u00e3o seja aperfei\u00e7oada ao longo do tempo, com melhorias pontuais e a inclus\u00e3o de outros pontos importantes para o acompanhamento do paciente.<\/p>\n","protected":false},"excerpt":{"rendered":"<p>Iniciativa possibilitar\u00e1 mais agilidade e resolutividade no atendimento de pacientes SUS de Santa Rosa A Funda\u00e7\u00e3o Municipal de Sa\u00fade de<\/p>\n","protected":false},"author":6,"featured_media":10778,"comment_status":"closed","ping_status":"closed","sticky":false,"template":"","format":"standard","meta":{"footnotes":""},"categories":[4,8],"tags":[],"class_list":["post-10776","post","type-post","status-publish","format-standard","has-post-thumbnail","hentry","category-noticias","category-noticias-fumssar"],"aioseo_notices":[],"_links":{"self":[{"href":"https:\/\/prefeitura.santarosa.rs.gov.br\/index.php?rest_route=\/wp\/v2\/posts\/10776","targetHints":{"allow":["GET"]}}],"collection":[{"href":"https:\/\/prefeitura.santarosa.rs.gov.br\/index.php?rest_route=\/wp\/v2\/posts"}],"about":[{"href":"https:\/\/prefeitura.santarosa.rs.gov.br\/index.php?rest_route=\/wp\/v2\/types\/post"}],"author":[{"embeddable":true,"href":"https:\/\/prefeitura.santarosa.rs.gov.br\/index.php?rest_route=\/wp\/v2\/users\/6"}],"replies":[{"embeddable":true,"href":"https:\/\/prefeitura.santarosa.rs.gov.br\/index.php?rest_route=%2Fwp%2Fv2%2Fcomments&post=10776"}],"version-history":[{"count":1,"href":"https:\/\/prefeitura.santarosa.rs.gov.br\/index.php?rest_route=\/wp\/v2\/posts\/10776\/revisions"}],"predecessor-version":[{"id":10779,"href":"https:\/\/prefeitura.santarosa.rs.gov.br\/index.php?rest_route=\/wp\/v2\/posts\/10776\/revisions\/10779"}],"wp:featuredmedia":[{"embeddable":true,"href":"https:\/\/prefeitura.santarosa.rs.gov.br\/index.php?rest_route=\/wp\/v2\/media\/10778"}],"wp:attachment":[{"href":"https:\/\/prefeitura.santarosa.rs.gov.br\/index.php?rest_route=%2Fwp%2Fv2%2Fmedia&parent=10776"}],"wp:term":[{"taxonomy":"category","embeddable":true,"href":"https:\/\/prefeitura.santarosa.rs.gov.br\/index.php?rest_route=%2Fwp%2Fv2%2Fcategories&post=10776"},{"taxonomy":"post_tag","embeddable":true,"href":"https:\/\/prefeitura.santarosa.rs.gov.br\/index.php?rest_route=%2Fwp%2Fv2%2Ftags&post=10776"}],"curies":[{"name":"wp","href":"https:\/\/api.w.org\/{rel}","templated":true}]}}