{"id":10772,"date":"2024-07-02T14:55:21","date_gmt":"2024-07-02T17:55:21","guid":{"rendered":"https:\/\/prefeitura.santarosa.rs.gov.br\/?p=10772"},"modified":"2024-10-07T09:51:05","modified_gmt":"2024-10-07T12:51:05","slug":"mais-de-90-da-cidade-iluminada-com-lampadas-de-led","status":"publish","type":"post","link":"https:\/\/prefeitura.santarosa.rs.gov.br\/?p=10772","title":{"rendered":"<strong>Mais de 90% da cidade iluminada com l\u00e2mpadas de LED<\/strong>"},"content":{"rendered":"\n<figure class=\"wp-block-image size-full\"><img fetchpriority=\"high\" decoding=\"async\" width=\"860\" height=\"645\" src=\"https:\/\/prefeitura.santarosa.rs.gov.br\/wp-content\/uploads\/2024\/07\/Formato-Site-e-Portal-860X645-JPG-2024-07-02T144815.435.jpg\" alt=\"\" class=\"wp-image-10773\" srcset=\"https:\/\/prefeitura.santarosa.rs.gov.br\/wp-content\/uploads\/2024\/07\/Formato-Site-e-Portal-860X645-JPG-2024-07-02T144815.435.jpg 860w, https:\/\/prefeitura.santarosa.rs.gov.br\/wp-content\/uploads\/2024\/07\/Formato-Site-e-Portal-860X645-JPG-2024-07-02T144815.435-300x225.jpg 300w, https:\/\/prefeitura.santarosa.rs.gov.br\/wp-content\/uploads\/2024\/07\/Formato-Site-e-Portal-860X645-JPG-2024-07-02T144815.435-768x576.jpg 768w\" sizes=\"(max-width: 860px) 100vw, 860px\" \/><\/figure>\n\n\n\n<p>O servi\u00e7o de troca da ilumina\u00e7\u00e3o p\u00fablica do munic\u00edpio est\u00e1 quase finalizado em Santa Rosa. Mais de 90% da cidade j\u00e1 foi atendida com a substitui\u00e7\u00e3o de l\u00e2mpadas com a tecnologia LED. Esta \u00e9 uma das principais a\u00e7\u00f5es do Governo Municipal, que tem como objetivo proporcionar mais seguran\u00e7a e infraestrutura para a popula\u00e7\u00e3o. Nos locais j\u00e1 contemplados com a troca, a mudan\u00e7a \u00e9 significativa se compararmos o antes e o depois. Ao todo, R$ 15 milh\u00f5es est\u00e3o sendo investidos no projeto.<\/p>\n\n\n\n<p>Al\u00e9m de trazer mais seguran\u00e7a, esta a\u00e7\u00e3o vai padronizar as lumin\u00e1rias e gerar mais economia para a Prefeitura. O prefeito Anderson Mantei destaca que o servi\u00e7o em breve vai ser conclu\u00eddo e toda a cidade e o interior ter\u00e3o ilumina\u00e7\u00e3o p\u00fablica de qualidade, \u201cEste \u00e9 um grande investimento para Santa Rosa e que vai contribuir significativamente com a qualidade de vida de toda a popula\u00e7\u00e3o. Mais de 11 mil l\u00e2mpadas ser\u00e3o trocadas at\u00e9 o final do projeto, o que vai possibilitar uma melhor infraestrutura para o munic\u00edpio\u201d.<\/p>\n\n\n\n<p>As novas lumin\u00e1rias agora padronizadas, ter\u00e3o f\u00e1cil manuten\u00e7\u00e3o e menor taxa de dano. Com esta altera\u00e7\u00e3o, o munic\u00edpio vai obter uma economia de at\u00e9 50% na conta de energia. Ao todo, ser\u00e3o trocadas 11.364 l\u00e2mpadas (10.206 da RGE + 1.158 da Cooperluz).<\/p>\n","protected":false},"excerpt":{"rendered":"<p>O servi\u00e7o de troca da ilumina\u00e7\u00e3o p\u00fablica do munic\u00edpio est\u00e1 quase finalizado em Santa Rosa. Mais de 90% da cidade<\/p>\n","protected":false},"author":6,"featured_media":10774,"comment_status":"closed","ping_status":"closed","sticky":false,"template":"","format":"standard","meta":{"footnotes":""},"categories":[4,22],"tags":[],"class_list":["post-10772","post","type-post","status-publish","format-standard","has-post-thumbnail","hentry","category-noticias","category-secretaria-municipal-de-planejamento-e-habitacao"],"aioseo_notices":[],"_links":{"self":[{"href":"https:\/\/prefeitura.santarosa.rs.gov.br\/index.php?rest_route=\/wp\/v2\/posts\/10772","targetHints":{"allow":["GET"]}}],"collection":[{"href":"https:\/\/prefeitura.santarosa.rs.gov.br\/index.php?rest_route=\/wp\/v2\/posts"}],"about":[{"href":"https:\/\/prefeitura.santarosa.rs.gov.br\/index.php?rest_route=\/wp\/v2\/types\/post"}],"author":[{"embeddable":true,"href":"https:\/\/prefeitura.santarosa.rs.gov.br\/index.php?rest_route=\/wp\/v2\/users\/6"}],"replies":[{"embeddable":true,"href":"https:\/\/prefeitura.santarosa.rs.gov.br\/index.php?rest_route=%2Fwp%2Fv2%2Fcomments&post=10772"}],"version-history":[{"count":1,"href":"https:\/\/prefeitura.santarosa.rs.gov.br\/index.php?rest_route=\/wp\/v2\/posts\/10772\/revisions"}],"predecessor-version":[{"id":10775,"href":"https:\/\/prefeitura.santarosa.rs.gov.br\/index.php?rest_route=\/wp\/v2\/posts\/10772\/revisions\/10775"}],"wp:featuredmedia":[{"embeddable":true,"href":"https:\/\/prefeitura.santarosa.rs.gov.br\/index.php?rest_route=\/wp\/v2\/media\/10774"}],"wp:attachment":[{"href":"https:\/\/prefeitura.santarosa.rs.gov.br\/index.php?rest_route=%2Fwp%2Fv2%2Fmedia&parent=10772"}],"wp:term":[{"taxonomy":"category","embeddable":true,"href":"https:\/\/prefeitura.santarosa.rs.gov.br\/index.php?rest_route=%2Fwp%2Fv2%2Fcategories&post=10772"},{"taxonomy":"post_tag","embeddable":true,"href":"https:\/\/prefeitura.santarosa.rs.gov.br\/index.php?rest_route=%2Fwp%2Fv2%2Ftags&post=10772"}],"curies":[{"name":"wp","href":"https:\/\/api.w.org\/{rel}","templated":true}]}}