{"id":10768,"date":"2024-07-02T11:16:04","date_gmt":"2024-07-02T14:16:04","guid":{"rendered":"https:\/\/prefeitura.santarosa.rs.gov.br\/?p=10768"},"modified":"2024-10-07T09:51:05","modified_gmt":"2024-10-07T12:51:05","slug":"empresas-do-setor-metalmecanico-realizam-doacao-de-moveis-para-a-prefeitura","status":"publish","type":"post","link":"https:\/\/prefeitura.santarosa.rs.gov.br\/?p=10768","title":{"rendered":"<strong>Empresas do setor metalmec\u00e2nico realizam doa\u00e7\u00e3o de m\u00f3veis para a Prefeitura<\/strong>"},"content":{"rendered":"\n<figure class=\"wp-block-image size-full\"><img fetchpriority=\"high\" decoding=\"async\" width=\"860\" height=\"645\" src=\"https:\/\/prefeitura.santarosa.rs.gov.br\/wp-content\/uploads\/2024\/07\/Formato-Site-e-Portal-860X645-JPG-2024-07-02T111400.411.jpg\" alt=\"\" class=\"wp-image-10769\" srcset=\"https:\/\/prefeitura.santarosa.rs.gov.br\/wp-content\/uploads\/2024\/07\/Formato-Site-e-Portal-860X645-JPG-2024-07-02T111400.411.jpg 860w, https:\/\/prefeitura.santarosa.rs.gov.br\/wp-content\/uploads\/2024\/07\/Formato-Site-e-Portal-860X645-JPG-2024-07-02T111400.411-300x225.jpg 300w, https:\/\/prefeitura.santarosa.rs.gov.br\/wp-content\/uploads\/2024\/07\/Formato-Site-e-Portal-860X645-JPG-2024-07-02T111400.411-768x576.jpg 768w\" sizes=\"(max-width: 860px) 100vw, 860px\" \/><\/figure>\n\n\n\n<p>A Prefeitura atrav\u00e9s da Secretaria de Desenvolvimento Social, recebeu a doa\u00e7\u00e3o de 60 m\u00f3veis de empresas do setor metalmec\u00e2nico do munic\u00edpio. Foram entregues 30 roupeiros e 30 arm\u00e1rios de cozinha que ser\u00e3o destinados para fam\u00edlias atingidas pela enchente em Santa Rosa.<\/p>\n\n\n\n<p>A equipe da Secretaria de Desenvolvimento Social fez um levantamento das necessidades e selecionou as fam\u00edlias que ir\u00e3o receber os donativos. Al\u00e9m dessa doa\u00e7\u00e3o, as empresas em parceria com a Fenasoja, adquiriram materiais para a constru\u00e7\u00e3o de uma casa em Santa Rosa.<\/p>\n","protected":false},"excerpt":{"rendered":"<p>A Prefeitura atrav\u00e9s da Secretaria de Desenvolvimento Social, recebeu a doa\u00e7\u00e3o de 60 m\u00f3veis de empresas do setor metalmec\u00e2nico do<\/p>\n","protected":false},"author":6,"featured_media":10770,"comment_status":"closed","ping_status":"closed","sticky":false,"template":"","format":"standard","meta":{"footnotes":""},"categories":[4,17],"tags":[],"class_list":["post-10768","post","type-post","status-publish","format-standard","has-post-thumbnail","hentry","category-noticias","category-secretaria-municipal-de-desenvolvimento-social"],"aioseo_notices":[],"_links":{"self":[{"href":"https:\/\/prefeitura.santarosa.rs.gov.br\/index.php?rest_route=\/wp\/v2\/posts\/10768","targetHints":{"allow":["GET"]}}],"collection":[{"href":"https:\/\/prefeitura.santarosa.rs.gov.br\/index.php?rest_route=\/wp\/v2\/posts"}],"about":[{"href":"https:\/\/prefeitura.santarosa.rs.gov.br\/index.php?rest_route=\/wp\/v2\/types\/post"}],"author":[{"embeddable":true,"href":"https:\/\/prefeitura.santarosa.rs.gov.br\/index.php?rest_route=\/wp\/v2\/users\/6"}],"replies":[{"embeddable":true,"href":"https:\/\/prefeitura.santarosa.rs.gov.br\/index.php?rest_route=%2Fwp%2Fv2%2Fcomments&post=10768"}],"version-history":[{"count":1,"href":"https:\/\/prefeitura.santarosa.rs.gov.br\/index.php?rest_route=\/wp\/v2\/posts\/10768\/revisions"}],"predecessor-version":[{"id":10771,"href":"https:\/\/prefeitura.santarosa.rs.gov.br\/index.php?rest_route=\/wp\/v2\/posts\/10768\/revisions\/10771"}],"wp:featuredmedia":[{"embeddable":true,"href":"https:\/\/prefeitura.santarosa.rs.gov.br\/index.php?rest_route=\/wp\/v2\/media\/10770"}],"wp:attachment":[{"href":"https:\/\/prefeitura.santarosa.rs.gov.br\/index.php?rest_route=%2Fwp%2Fv2%2Fmedia&parent=10768"}],"wp:term":[{"taxonomy":"category","embeddable":true,"href":"https:\/\/prefeitura.santarosa.rs.gov.br\/index.php?rest_route=%2Fwp%2Fv2%2Fcategories&post=10768"},{"taxonomy":"post_tag","embeddable":true,"href":"https:\/\/prefeitura.santarosa.rs.gov.br\/index.php?rest_route=%2Fwp%2Fv2%2Ftags&post=10768"}],"curies":[{"name":"wp","href":"https:\/\/api.w.org\/{rel}","templated":true}]}}