{"id":10722,"date":"2024-06-26T15:25:01","date_gmt":"2024-06-26T18:25:01","guid":{"rendered":"https:\/\/prefeitura.santarosa.rs.gov.br\/?p=10722"},"modified":"2024-10-07T09:51:06","modified_gmt":"2024-10-07T12:51:06","slug":"prefeitura-anuncia-a-programacao-e-os-nomes-do-patrono-e-escritora-homenageada-da-19a-feira-do-livro","status":"publish","type":"post","link":"https:\/\/prefeitura.santarosa.rs.gov.br\/?p=10722","title":{"rendered":"<strong>Prefeitura anuncia a programa\u00e7\u00e3o e os nomes do Patrono e Escritora Homenageada da 19\u00aa Feira do Livro<\/strong>"},"content":{"rendered":"\n<figure class=\"wp-block-image size-full\"><img fetchpriority=\"high\" decoding=\"async\" width=\"860\" height=\"645\" src=\"https:\/\/prefeitura.santarosa.rs.gov.br\/wp-content\/uploads\/2024\/06\/Formato-Site-e-Portal-860X645-JPG-2024-06-26T144717.807.jpg\" alt=\"\" class=\"wp-image-10723\" srcset=\"https:\/\/prefeitura.santarosa.rs.gov.br\/wp-content\/uploads\/2024\/06\/Formato-Site-e-Portal-860X645-JPG-2024-06-26T144717.807.jpg 860w, https:\/\/prefeitura.santarosa.rs.gov.br\/wp-content\/uploads\/2024\/06\/Formato-Site-e-Portal-860X645-JPG-2024-06-26T144717.807-300x225.jpg 300w, https:\/\/prefeitura.santarosa.rs.gov.br\/wp-content\/uploads\/2024\/06\/Formato-Site-e-Portal-860X645-JPG-2024-06-26T144717.807-768x576.jpg 768w\" sizes=\"(max-width: 860px) 100vw, 860px\" \/><\/figure>\n\n\n\n<p>A Prefeitura de Santa Rosa por meio da Secretaria de Educa\u00e7\u00e3o e Cultura, anunciou nesta quarta-feira (26), a programa\u00e7\u00e3o e os nomes do Patrono e da Escritora Homenageada da 19\u00aa Feira do Livro, que inicia na pr\u00f3xima semana. O Patrono ser\u00e1 o advogado, colunista e escritor, Aquiles Giovelli, e a Escritora Homenageada, a professora, S\u00f4nia Lorena Aver. Com essa defini\u00e7\u00e3o e os encaminhamentos das \u00faltimas atra\u00e7\u00f5es, o Departamento de Cultura fechou o cronograma das atividades que v\u00e3o ocorrer de 04 a 09 de julho, na Pra\u00e7a da Bandeira.<\/p>\n\n\n\n<p>Com o tema: \u201c200 anos da imigra\u00e7\u00e3o alem\u00e3 no Brasil\u201d e o slogan, \u201cLer e sempre aprender\u201d, a feira promete 6 dias de muitas atividades. Lan\u00e7amento de livros e publica\u00e7\u00f5es diversas, sess\u00f5es de aut\u00f3grafos, conta\u00e7\u00e3o de hist\u00f3rias e muitas outras a\u00e7\u00f5es v\u00e3o estar \u00e0 disposi\u00e7\u00e3o da popula\u00e7\u00e3o. O Prefeito Anderson Mantei recebeu o Patrono e a Escritora Homenageada no gabinete e destacou que a feira \u00e9 um evento aguardado por toda a comunidade, \u201cEsta \u00e9 uma a\u00e7\u00e3o tradicional da nossa cidade e que re\u00fane desde a crian\u00e7a de colo at\u00e9 a pessoa de mais idade. Investimos mais uma vez no vale-livro que vai possibilitar que os alunos da Rede Municipal de Ensino, possam adquirir um ou mais exemplares dispon\u00edveis no evento\u201d.<\/p>\n\n\n\n<p>O Governo Municipal vai distribuir neste ano, cerca de 4.300 vale-livros no valor de R$ 30,00 cada (3.800 para estudantes e 500 para professores). Um investimento de R$ 129 mil de recursos pr\u00f3prios do munic\u00edpio. Para o dia da abertura da feira, est\u00e3o previstas palestras no Centro C\u00edvico, a cargo de Rodrigo Trespach, autor do livro: \u201c1824: como os alem\u00e3es vieram parar no Brasil\u201d. Pela manh\u00e3, o p\u00fablico ser\u00e1 exclusivo de estudantes e na parte da tarde para a comunidade em geral. Confira a programa\u00e7\u00e3o completa abaixo.<\/p>\n\n\n\n<div data-wp-interactive=\"core\/file\" class=\"wp-block-file\"><object data-wp-bind--hidden=\"!state.hasPdfPreview\" hidden class=\"wp-block-file__embed\" data=\"https:\/\/prefeitura.santarosa.rs.gov.br\/wp-content\/uploads\/2024\/06\/FOLDER-FEIRA-DO-LIVRO-OK-2.pdf\" type=\"application\/pdf\" style=\"width:100%;height:600px\" aria-label=\"Incorporado de Incorporado de FOLDER-FEIRA-DO-LIVRO-OK-2..\"><\/object><a href=\"https:\/\/prefeitura.santarosa.rs.gov.br\/wp-content\/uploads\/2024\/06\/FOLDER-FEIRA-DO-LIVRO-OK-2.pdf\">FOLDER-FEIRA-DO-LIVRO-OK-2<\/a><a href=\"https:\/\/prefeitura.santarosa.rs.gov.br\/wp-content\/uploads\/2024\/06\/FOLDER-FEIRA-DO-LIVRO-OK-2.pdf\" class=\"wp-block-file__button\" download>Baixar<\/a><\/div>\n","protected":false},"excerpt":{"rendered":"<p>A Prefeitura de Santa Rosa por meio da Secretaria de Educa\u00e7\u00e3o e Cultura, anunciou nesta quarta-feira (26), a programa\u00e7\u00e3o e<\/p>\n","protected":false},"author":6,"featured_media":10724,"comment_status":"closed","ping_status":"closed","sticky":false,"template":"","format":"standard","meta":{"footnotes":""},"categories":[4,18],"tags":[],"class_list":["post-10722","post","type-post","status-publish","format-standard","has-post-thumbnail","hentry","category-noticias","category-secretaria-municipal-de-educacao-e-cultura"],"aioseo_notices":[],"_links":{"self":[{"href":"https:\/\/prefeitura.santarosa.rs.gov.br\/index.php?rest_route=\/wp\/v2\/posts\/10722","targetHints":{"allow":["GET"]}}],"collection":[{"href":"https:\/\/prefeitura.santarosa.rs.gov.br\/index.php?rest_route=\/wp\/v2\/posts"}],"about":[{"href":"https:\/\/prefeitura.santarosa.rs.gov.br\/index.php?rest_route=\/wp\/v2\/types\/post"}],"author":[{"embeddable":true,"href":"https:\/\/prefeitura.santarosa.rs.gov.br\/index.php?rest_route=\/wp\/v2\/users\/6"}],"replies":[{"embeddable":true,"href":"https:\/\/prefeitura.santarosa.rs.gov.br\/index.php?rest_route=%2Fwp%2Fv2%2Fcomments&post=10722"}],"version-history":[{"count":5,"href":"https:\/\/prefeitura.santarosa.rs.gov.br\/index.php?rest_route=\/wp\/v2\/posts\/10722\/revisions"}],"predecessor-version":[{"id":10741,"href":"https:\/\/prefeitura.santarosa.rs.gov.br\/index.php?rest_route=\/wp\/v2\/posts\/10722\/revisions\/10741"}],"wp:featuredmedia":[{"embeddable":true,"href":"https:\/\/prefeitura.santarosa.rs.gov.br\/index.php?rest_route=\/wp\/v2\/media\/10724"}],"wp:attachment":[{"href":"https:\/\/prefeitura.santarosa.rs.gov.br\/index.php?rest_route=%2Fwp%2Fv2%2Fmedia&parent=10722"}],"wp:term":[{"taxonomy":"category","embeddable":true,"href":"https:\/\/prefeitura.santarosa.rs.gov.br\/index.php?rest_route=%2Fwp%2Fv2%2Fcategories&post=10722"},{"taxonomy":"post_tag","embeddable":true,"href":"https:\/\/prefeitura.santarosa.rs.gov.br\/index.php?rest_route=%2Fwp%2Fv2%2Ftags&post=10722"}],"curies":[{"name":"wp","href":"https:\/\/api.w.org\/{rel}","templated":true}]}}