{"id":10714,"date":"2024-06-25T15:57:36","date_gmt":"2024-06-25T18:57:36","guid":{"rendered":"https:\/\/prefeitura.santarosa.rs.gov.br\/?p=10714"},"modified":"2024-10-07T09:51:06","modified_gmt":"2024-10-07T12:51:06","slug":"forum-de-santa-rosa-realiza-doacao-de-materiais-para-o-municipio","status":"publish","type":"post","link":"https:\/\/prefeitura.santarosa.rs.gov.br\/?p=10714","title":{"rendered":"<strong>F\u00f3rum de Santa Rosa realiza doa\u00e7\u00e3o de materiais para o munic\u00edpio<\/strong>"},"content":{"rendered":"\n<figure class=\"wp-block-image size-full\"><img fetchpriority=\"high\" decoding=\"async\" width=\"860\" height=\"645\" src=\"https:\/\/prefeitura.santarosa.rs.gov.br\/wp-content\/uploads\/2024\/06\/Formato-Site-e-Portal-860X645-JPG-2024-06-24T152017.052.jpg\" alt=\"\" class=\"wp-image-10715\" srcset=\"https:\/\/prefeitura.santarosa.rs.gov.br\/wp-content\/uploads\/2024\/06\/Formato-Site-e-Portal-860X645-JPG-2024-06-24T152017.052.jpg 860w, https:\/\/prefeitura.santarosa.rs.gov.br\/wp-content\/uploads\/2024\/06\/Formato-Site-e-Portal-860X645-JPG-2024-06-24T152017.052-300x225.jpg 300w, https:\/\/prefeitura.santarosa.rs.gov.br\/wp-content\/uploads\/2024\/06\/Formato-Site-e-Portal-860X645-JPG-2024-06-24T152017.052-768x576.jpg 768w\" sizes=\"(max-width: 860px) 100vw, 860px\" \/><\/figure>\n\n\n\n<p>O F\u00f3rum de Santa Rosa realizou a doa\u00e7\u00e3o de 109 prateleiras para o munic\u00edpio. As doa\u00e7\u00f5es foram registradas no Departamento de Patrim\u00f4nio da Prefeitura e encaminhadas para diversas escolas da Rede Municipal de Ensino.<\/p>\n\n\n\n<p>A ju\u00edza Vanessa Lima Medeiros Trevisol, destaca que as prateleiras doadas pelo Poder Judici\u00e1rio, eram utilizadas para guardar os processos f\u00edsicos do f\u00f3rum. Com a digitaliza\u00e7\u00e3o do acervo, os m\u00f3veis foram desocupados e ent\u00e3o, destinados para o munic\u00edpio, \u201cA partir desta a\u00e7\u00e3o da digitaliza\u00e7\u00e3o dos nossos processos, que agora s\u00e3o eletr\u00f4nicos, conseguimos fazer a doa\u00e7\u00e3o destas prateleiras para o munic\u00edpio. Esperamos que elas sejam bem aproveitadas e \u00fateis para as escolas da Rede Municipal de Ensino\u201d.<\/p>\n\n\n\n<p>Al\u00e9m disso, foram doados para o munic\u00edpio, 2 aparelhos de ar-condicionado de 24.000 BTUs cada.<\/p>\n","protected":false},"excerpt":{"rendered":"<p>O F\u00f3rum de Santa Rosa realizou a doa\u00e7\u00e3o de 109 prateleiras para o munic\u00edpio. As doa\u00e7\u00f5es foram registradas no Departamento<\/p>\n","protected":false},"author":6,"featured_media":10716,"comment_status":"closed","ping_status":"closed","sticky":false,"template":"","format":"standard","meta":{"footnotes":""},"categories":[4],"tags":[],"class_list":["post-10714","post","type-post","status-publish","format-standard","has-post-thumbnail","hentry","category-noticias"],"aioseo_notices":[],"_links":{"self":[{"href":"https:\/\/prefeitura.santarosa.rs.gov.br\/index.php?rest_route=\/wp\/v2\/posts\/10714","targetHints":{"allow":["GET"]}}],"collection":[{"href":"https:\/\/prefeitura.santarosa.rs.gov.br\/index.php?rest_route=\/wp\/v2\/posts"}],"about":[{"href":"https:\/\/prefeitura.santarosa.rs.gov.br\/index.php?rest_route=\/wp\/v2\/types\/post"}],"author":[{"embeddable":true,"href":"https:\/\/prefeitura.santarosa.rs.gov.br\/index.php?rest_route=\/wp\/v2\/users\/6"}],"replies":[{"embeddable":true,"href":"https:\/\/prefeitura.santarosa.rs.gov.br\/index.php?rest_route=%2Fwp%2Fv2%2Fcomments&post=10714"}],"version-history":[{"count":1,"href":"https:\/\/prefeitura.santarosa.rs.gov.br\/index.php?rest_route=\/wp\/v2\/posts\/10714\/revisions"}],"predecessor-version":[{"id":10717,"href":"https:\/\/prefeitura.santarosa.rs.gov.br\/index.php?rest_route=\/wp\/v2\/posts\/10714\/revisions\/10717"}],"wp:featuredmedia":[{"embeddable":true,"href":"https:\/\/prefeitura.santarosa.rs.gov.br\/index.php?rest_route=\/wp\/v2\/media\/10716"}],"wp:attachment":[{"href":"https:\/\/prefeitura.santarosa.rs.gov.br\/index.php?rest_route=%2Fwp%2Fv2%2Fmedia&parent=10714"}],"wp:term":[{"taxonomy":"category","embeddable":true,"href":"https:\/\/prefeitura.santarosa.rs.gov.br\/index.php?rest_route=%2Fwp%2Fv2%2Fcategories&post=10714"},{"taxonomy":"post_tag","embeddable":true,"href":"https:\/\/prefeitura.santarosa.rs.gov.br\/index.php?rest_route=%2Fwp%2Fv2%2Ftags&post=10714"}],"curies":[{"name":"wp","href":"https:\/\/api.w.org\/{rel}","templated":true}]}}