{"id":10689,"date":"2024-06-24T10:53:29","date_gmt":"2024-06-24T13:53:29","guid":{"rendered":"https:\/\/prefeitura.santarosa.rs.gov.br\/?p=10689"},"modified":"2024-10-07T09:51:06","modified_gmt":"2024-10-07T12:51:06","slug":"arena-e-complexo-poliesportivo-e-cultural-foram-inaugurados-com-grande-festa-no-parque-de-exposicoes","status":"publish","type":"post","link":"https:\/\/prefeitura.santarosa.rs.gov.br\/?p=10689","title":{"rendered":"<strong>Arena e Complexo Poliesportivo e Cultural foram inaugurados com grande festa no Parque de Exposi\u00e7\u00f5es<\/strong>"},"content":{"rendered":"\n<figure class=\"wp-block-image size-full\"><img fetchpriority=\"high\" decoding=\"async\" width=\"860\" height=\"645\" src=\"https:\/\/prefeitura.santarosa.rs.gov.br\/wp-content\/uploads\/2024\/06\/Formato-Site-e-Portal-860X645-JPG-2024-06-24T105156.494.jpg\" alt=\"\" class=\"wp-image-10690\" srcset=\"https:\/\/prefeitura.santarosa.rs.gov.br\/wp-content\/uploads\/2024\/06\/Formato-Site-e-Portal-860X645-JPG-2024-06-24T105156.494.jpg 860w, https:\/\/prefeitura.santarosa.rs.gov.br\/wp-content\/uploads\/2024\/06\/Formato-Site-e-Portal-860X645-JPG-2024-06-24T105156.494-300x225.jpg 300w, https:\/\/prefeitura.santarosa.rs.gov.br\/wp-content\/uploads\/2024\/06\/Formato-Site-e-Portal-860X645-JPG-2024-06-24T105156.494-768x576.jpg 768w\" sizes=\"(max-width: 860px) 100vw, 860px\" \/><\/figure>\n\n\n\n<p>Uma tarde inesquec\u00edvel com esporte, cultura e divers\u00e3o para a comunidade santa-rosense na nova Arena e Complexo Poliesportivo e Cultural do Parque de Exposi\u00e7\u00f5es. Na \u00faltima sexta-feira (21), o Governo Municipal e a Fenasoja inauguraram um novo espa\u00e7o para o esporte e o lazer em Santa Rosa. Uma grande festa foi realizada com a presen\u00e7a de autoridades, alunos da Rede Municipal de Ensino, institui\u00e7\u00f5es e empresas do munic\u00edpio. Mais de mil pessoas participaram do evento.<\/p>\n\n\n\n<p>Patina\u00e7\u00e3o, karat\u00ea, basquete, futsal, c\u00e2mbio, entre outros esportes aconteceram no local. Os alunos das escolas da Rede Municipal tamb\u00e9m participaram com apresenta\u00e7\u00f5es. Al\u00e9m disso, a Brigada Militar, o Corpo de Bombeiros e a Brigada Ambiental estavam presentes com a\u00e7\u00f5es. A obra da Arena e do Complexo Poliesportivo e Cultural foi executada por etapas. A primeira parte foi conclu\u00edda pela Fenasoja, que realizou a terraplanagem, a estrutura da Arena e o piso interno. O presidente da pr\u00f3xima edi\u00e7\u00e3o da feira, D\u00e1rio Germano, destacou que Santa Rosa passa a ter o maior espa\u00e7o coberto para shows do Rio Grande do Sul. No Estado, o local que mais se aproxima das dimens\u00f5es da Arena, em \u00e1rea coberta e externa, \u00e9 a Pepsi On Stage, de Porto Alegre, \u201cEste \u00e9 um grande sonho realizado. N\u00e3o ser\u00e1 apenas um lugar para grandes shows, mas sim, um espa\u00e7o que ser\u00e1 ocupado e desfrutado por toda a comunidade regional para o lazer e o esporte\u201d.<\/p>\n\n\n\n<p>A 2\u00aa etapa da obra foi conduzida pela Prefeitura e contemplou uma quadra de v\u00f4lei de areia, quadra de v\u00f4lei em concreto, campo de futebol, estrutura completa de banheiros, salas de apoio aos eventos, piso externo e escadaria com acessibilidade. O Prefeito Anderson Mantei, ressaltou que a popula\u00e7\u00e3o pode contar com mais um espa\u00e7o p\u00fablico diferenciado, com mais infraestrutura e qualidade para o esporte e o lazer, \u201cInvestimos muito para que essa grande obra acontecesse e ficou espetacular. Um lugar que vai reunir as fam\u00edlias e toda a comunidade para momentos de alegria, lazer e bem-estar\u201d.<\/p>\n\n\n\n<p>Mais de R$ 4,2 milh\u00f5es foram investidos na 2\u00aa etapa, sendo: R$ 2.902.346,66 de recursos pr\u00f3prios do munic\u00edpio, de economias da gest\u00e3o e R$ 1.323.972,90 de recurso do Governo Federal. Al\u00e9m disso, a Prefeitura e a Fenasoja realizaram obras de ilumina\u00e7\u00e3o, guarda-corpos e acessibilidade, totalizando um investimento de 7 milh\u00f5es de reais nas duas etapas. A \u00e1rea coberta da Arena tem capacidade para abrigar 8 mil pessoas, podendo concentrar p\u00fablico de at\u00e9 20 mil pessoas em todo o espa\u00e7o, contando com a parte externa. Toda a obra, incluindo as quadras de esporte, a grande escadaria de acesso e pontos de circula\u00e7\u00e3o, resulta em uma \u00e1rea total de 10 mil metros quadrados.<\/p>\n\n\n\n<figure class=\"wp-block-gallery columns-3 is-cropped wp-block-gallery-1 is-layout-flex wp-block-gallery-is-layout-flex\"><ul class=\"blocks-gallery-grid\"><li class=\"blocks-gallery-item\"><figure><img decoding=\"async\" width=\"1024\" height=\"768\" src=\"https:\/\/prefeitura.santarosa.rs.gov.br\/wp-content\/uploads\/2024\/06\/WhatsApp-Image-2024-06-24-at-09.23.35-5-1024x768.jpeg\" alt=\"\" data-id=\"10691\" data-full-url=\"https:\/\/prefeitura.santarosa.rs.gov.br\/wp-content\/uploads\/2024\/06\/WhatsApp-Image-2024-06-24-at-09.23.35-5.jpeg\" data-link=\"https:\/\/prefeitura.santarosa.rs.gov.br\/?attachment_id=10691\" class=\"wp-image-10691\" srcset=\"https:\/\/prefeitura.santarosa.rs.gov.br\/wp-content\/uploads\/2024\/06\/WhatsApp-Image-2024-06-24-at-09.23.35-5-1024x768.jpeg 1024w, https:\/\/prefeitura.santarosa.rs.gov.br\/wp-content\/uploads\/2024\/06\/WhatsApp-Image-2024-06-24-at-09.23.35-5-300x225.jpeg 300w, https:\/\/prefeitura.santarosa.rs.gov.br\/wp-content\/uploads\/2024\/06\/WhatsApp-Image-2024-06-24-at-09.23.35-5-768x576.jpeg 768w, https:\/\/prefeitura.santarosa.rs.gov.br\/wp-content\/uploads\/2024\/06\/WhatsApp-Image-2024-06-24-at-09.23.35-5-1536x1152.jpeg 1536w, https:\/\/prefeitura.santarosa.rs.gov.br\/wp-content\/uploads\/2024\/06\/WhatsApp-Image-2024-06-24-at-09.23.35-5-2048x1536.jpeg 2048w\" sizes=\"(max-width: 1024px) 100vw, 1024px\" \/><\/figure><\/li><li class=\"blocks-gallery-item\"><figure><img decoding=\"async\" width=\"1024\" height=\"768\" src=\"https:\/\/prefeitura.santarosa.rs.gov.br\/wp-content\/uploads\/2024\/06\/WhatsApp-Image-2024-06-24-at-09.23.35-4-1024x768.jpeg\" alt=\"\" data-id=\"10692\" data-full-url=\"https:\/\/prefeitura.santarosa.rs.gov.br\/wp-content\/uploads\/2024\/06\/WhatsApp-Image-2024-06-24-at-09.23.35-4.jpeg\" data-link=\"https:\/\/prefeitura.santarosa.rs.gov.br\/?attachment_id=10692\" class=\"wp-image-10692\" srcset=\"https:\/\/prefeitura.santarosa.rs.gov.br\/wp-content\/uploads\/2024\/06\/WhatsApp-Image-2024-06-24-at-09.23.35-4-1024x768.jpeg 1024w, https:\/\/prefeitura.santarosa.rs.gov.br\/wp-content\/uploads\/2024\/06\/WhatsApp-Image-2024-06-24-at-09.23.35-4-300x225.jpeg 300w, https:\/\/prefeitura.santarosa.rs.gov.br\/wp-content\/uploads\/2024\/06\/WhatsApp-Image-2024-06-24-at-09.23.35-4-768x576.jpeg 768w, https:\/\/prefeitura.santarosa.rs.gov.br\/wp-content\/uploads\/2024\/06\/WhatsApp-Image-2024-06-24-at-09.23.35-4-1536x1152.jpeg 1536w, https:\/\/prefeitura.santarosa.rs.gov.br\/wp-content\/uploads\/2024\/06\/WhatsApp-Image-2024-06-24-at-09.23.35-4-2048x1536.jpeg 2048w\" sizes=\"(max-width: 1024px) 100vw, 1024px\" \/><\/figure><\/li><li class=\"blocks-gallery-item\"><figure><img loading=\"lazy\" decoding=\"async\" width=\"1024\" height=\"768\" src=\"https:\/\/prefeitura.santarosa.rs.gov.br\/wp-content\/uploads\/2024\/06\/WhatsApp-Image-2024-06-24-at-09.23.35-3-1024x768.jpeg\" alt=\"\" data-id=\"10693\" data-full-url=\"https:\/\/prefeitura.santarosa.rs.gov.br\/wp-content\/uploads\/2024\/06\/WhatsApp-Image-2024-06-24-at-09.23.35-3.jpeg\" data-link=\"https:\/\/prefeitura.santarosa.rs.gov.br\/?attachment_id=10693\" class=\"wp-image-10693\" srcset=\"https:\/\/prefeitura.santarosa.rs.gov.br\/wp-content\/uploads\/2024\/06\/WhatsApp-Image-2024-06-24-at-09.23.35-3-1024x768.jpeg 1024w, https:\/\/prefeitura.santarosa.rs.gov.br\/wp-content\/uploads\/2024\/06\/WhatsApp-Image-2024-06-24-at-09.23.35-3-300x225.jpeg 300w, https:\/\/prefeitura.santarosa.rs.gov.br\/wp-content\/uploads\/2024\/06\/WhatsApp-Image-2024-06-24-at-09.23.35-3-768x576.jpeg 768w, https:\/\/prefeitura.santarosa.rs.gov.br\/wp-content\/uploads\/2024\/06\/WhatsApp-Image-2024-06-24-at-09.23.35-3-1536x1152.jpeg 1536w, https:\/\/prefeitura.santarosa.rs.gov.br\/wp-content\/uploads\/2024\/06\/WhatsApp-Image-2024-06-24-at-09.23.35-3-2048x1536.jpeg 2048w\" sizes=\"(max-width: 1024px) 100vw, 1024px\" \/><\/figure><\/li><li class=\"blocks-gallery-item\"><figure><img loading=\"lazy\" decoding=\"async\" width=\"1024\" height=\"768\" src=\"https:\/\/prefeitura.santarosa.rs.gov.br\/wp-content\/uploads\/2024\/06\/WhatsApp-Image-2024-06-24-at-09.23.35-2-1024x768.jpeg\" alt=\"\" data-id=\"10694\" data-full-url=\"https:\/\/prefeitura.santarosa.rs.gov.br\/wp-content\/uploads\/2024\/06\/WhatsApp-Image-2024-06-24-at-09.23.35-2.jpeg\" data-link=\"https:\/\/prefeitura.santarosa.rs.gov.br\/?attachment_id=10694\" class=\"wp-image-10694\" srcset=\"https:\/\/prefeitura.santarosa.rs.gov.br\/wp-content\/uploads\/2024\/06\/WhatsApp-Image-2024-06-24-at-09.23.35-2-1024x768.jpeg 1024w, https:\/\/prefeitura.santarosa.rs.gov.br\/wp-content\/uploads\/2024\/06\/WhatsApp-Image-2024-06-24-at-09.23.35-2-300x225.jpeg 300w, https:\/\/prefeitura.santarosa.rs.gov.br\/wp-content\/uploads\/2024\/06\/WhatsApp-Image-2024-06-24-at-09.23.35-2-768x576.jpeg 768w, https:\/\/prefeitura.santarosa.rs.gov.br\/wp-content\/uploads\/2024\/06\/WhatsApp-Image-2024-06-24-at-09.23.35-2-1536x1152.jpeg 1536w, https:\/\/prefeitura.santarosa.rs.gov.br\/wp-content\/uploads\/2024\/06\/WhatsApp-Image-2024-06-24-at-09.23.35-2-2048x1536.jpeg 2048w\" sizes=\"(max-width: 1024px) 100vw, 1024px\" \/><\/figure><\/li><li class=\"blocks-gallery-item\"><figure><img loading=\"lazy\" decoding=\"async\" width=\"1024\" height=\"768\" src=\"https:\/\/prefeitura.santarosa.rs.gov.br\/wp-content\/uploads\/2024\/06\/WhatsApp-Image-2024-06-24-at-09.23.35-1-1024x768.jpeg\" alt=\"\" data-id=\"10695\" data-full-url=\"https:\/\/prefeitura.santarosa.rs.gov.br\/wp-content\/uploads\/2024\/06\/WhatsApp-Image-2024-06-24-at-09.23.35-1.jpeg\" data-link=\"https:\/\/prefeitura.santarosa.rs.gov.br\/?attachment_id=10695\" class=\"wp-image-10695\" srcset=\"https:\/\/prefeitura.santarosa.rs.gov.br\/wp-content\/uploads\/2024\/06\/WhatsApp-Image-2024-06-24-at-09.23.35-1-1024x768.jpeg 1024w, https:\/\/prefeitura.santarosa.rs.gov.br\/wp-content\/uploads\/2024\/06\/WhatsApp-Image-2024-06-24-at-09.23.35-1-300x225.jpeg 300w, https:\/\/prefeitura.santarosa.rs.gov.br\/wp-content\/uploads\/2024\/06\/WhatsApp-Image-2024-06-24-at-09.23.35-1-768x576.jpeg 768w, https:\/\/prefeitura.santarosa.rs.gov.br\/wp-content\/uploads\/2024\/06\/WhatsApp-Image-2024-06-24-at-09.23.35-1-1536x1152.jpeg 1536w, https:\/\/prefeitura.santarosa.rs.gov.br\/wp-content\/uploads\/2024\/06\/WhatsApp-Image-2024-06-24-at-09.23.35-1-2048x1536.jpeg 2048w\" sizes=\"(max-width: 1024px) 100vw, 1024px\" \/><\/figure><\/li><li class=\"blocks-gallery-item\"><figure><img loading=\"lazy\" decoding=\"async\" width=\"1024\" height=\"768\" src=\"https:\/\/prefeitura.santarosa.rs.gov.br\/wp-content\/uploads\/2024\/06\/WhatsApp-Image-2024-06-24-at-09.23.35-1024x768.jpeg\" alt=\"\" data-id=\"10696\" data-full-url=\"https:\/\/prefeitura.santarosa.rs.gov.br\/wp-content\/uploads\/2024\/06\/WhatsApp-Image-2024-06-24-at-09.23.35.jpeg\" data-link=\"https:\/\/prefeitura.santarosa.rs.gov.br\/?attachment_id=10696\" class=\"wp-image-10696\" srcset=\"https:\/\/prefeitura.santarosa.rs.gov.br\/wp-content\/uploads\/2024\/06\/WhatsApp-Image-2024-06-24-at-09.23.35-1024x768.jpeg 1024w, https:\/\/prefeitura.santarosa.rs.gov.br\/wp-content\/uploads\/2024\/06\/WhatsApp-Image-2024-06-24-at-09.23.35-300x225.jpeg 300w, https:\/\/prefeitura.santarosa.rs.gov.br\/wp-content\/uploads\/2024\/06\/WhatsApp-Image-2024-06-24-at-09.23.35-768x576.jpeg 768w, https:\/\/prefeitura.santarosa.rs.gov.br\/wp-content\/uploads\/2024\/06\/WhatsApp-Image-2024-06-24-at-09.23.35-1536x1152.jpeg 1536w, https:\/\/prefeitura.santarosa.rs.gov.br\/wp-content\/uploads\/2024\/06\/WhatsApp-Image-2024-06-24-at-09.23.35-2048x1536.jpeg 2048w\" sizes=\"(max-width: 1024px) 100vw, 1024px\" \/><\/figure><\/li><li class=\"blocks-gallery-item\"><figure><img loading=\"lazy\" decoding=\"async\" width=\"1024\" height=\"768\" src=\"https:\/\/prefeitura.santarosa.rs.gov.br\/wp-content\/uploads\/2024\/06\/WhatsApp-Image-2024-06-21-at-15.22.37-1024x768.jpeg\" alt=\"\" data-id=\"10698\" data-full-url=\"https:\/\/prefeitura.santarosa.rs.gov.br\/wp-content\/uploads\/2024\/06\/WhatsApp-Image-2024-06-21-at-15.22.37-scaled.jpeg\" data-link=\"https:\/\/prefeitura.santarosa.rs.gov.br\/?attachment_id=10698\" class=\"wp-image-10698\" srcset=\"https:\/\/prefeitura.santarosa.rs.gov.br\/wp-content\/uploads\/2024\/06\/WhatsApp-Image-2024-06-21-at-15.22.37-1024x768.jpeg 1024w, https:\/\/prefeitura.santarosa.rs.gov.br\/wp-content\/uploads\/2024\/06\/WhatsApp-Image-2024-06-21-at-15.22.37-300x225.jpeg 300w, https:\/\/prefeitura.santarosa.rs.gov.br\/wp-content\/uploads\/2024\/06\/WhatsApp-Image-2024-06-21-at-15.22.37-768x576.jpeg 768w, https:\/\/prefeitura.santarosa.rs.gov.br\/wp-content\/uploads\/2024\/06\/WhatsApp-Image-2024-06-21-at-15.22.37-1536x1152.jpeg 1536w, https:\/\/prefeitura.santarosa.rs.gov.br\/wp-content\/uploads\/2024\/06\/WhatsApp-Image-2024-06-21-at-15.22.37-2048x1536.jpeg 2048w\" sizes=\"(max-width: 1024px) 100vw, 1024px\" \/><\/figure><\/li><li class=\"blocks-gallery-item\"><figure><img loading=\"lazy\" decoding=\"async\" width=\"1024\" height=\"768\" src=\"https:\/\/prefeitura.santarosa.rs.gov.br\/wp-content\/uploads\/2024\/06\/WhatsApp-Image-2024-06-21-at-15.50.14-1024x768.jpeg\" alt=\"\" data-id=\"10699\" data-full-url=\"https:\/\/prefeitura.santarosa.rs.gov.br\/wp-content\/uploads\/2024\/06\/WhatsApp-Image-2024-06-21-at-15.50.14-scaled.jpeg\" data-link=\"https:\/\/prefeitura.santarosa.rs.gov.br\/?attachment_id=10699\" class=\"wp-image-10699\" srcset=\"https:\/\/prefeitura.santarosa.rs.gov.br\/wp-content\/uploads\/2024\/06\/WhatsApp-Image-2024-06-21-at-15.50.14-1024x768.jpeg 1024w, https:\/\/prefeitura.santarosa.rs.gov.br\/wp-content\/uploads\/2024\/06\/WhatsApp-Image-2024-06-21-at-15.50.14-300x225.jpeg 300w, https:\/\/prefeitura.santarosa.rs.gov.br\/wp-content\/uploads\/2024\/06\/WhatsApp-Image-2024-06-21-at-15.50.14-768x576.jpeg 768w, https:\/\/prefeitura.santarosa.rs.gov.br\/wp-content\/uploads\/2024\/06\/WhatsApp-Image-2024-06-21-at-15.50.14-1536x1152.jpeg 1536w, https:\/\/prefeitura.santarosa.rs.gov.br\/wp-content\/uploads\/2024\/06\/WhatsApp-Image-2024-06-21-at-15.50.14-2048x1536.jpeg 2048w\" sizes=\"(max-width: 1024px) 100vw, 1024px\" \/><\/figure><\/li><li class=\"blocks-gallery-item\"><figure><img loading=\"lazy\" decoding=\"async\" width=\"1024\" height=\"768\" src=\"https:\/\/prefeitura.santarosa.rs.gov.br\/wp-content\/uploads\/2024\/06\/WhatsApp-Image-2024-06-21-at-14.59.01-1024x768.jpeg\" alt=\"\" data-id=\"10700\" data-full-url=\"https:\/\/prefeitura.santarosa.rs.gov.br\/wp-content\/uploads\/2024\/06\/WhatsApp-Image-2024-06-21-at-14.59.01-scaled.jpeg\" data-link=\"https:\/\/prefeitura.santarosa.rs.gov.br\/?attachment_id=10700\" class=\"wp-image-10700\" srcset=\"https:\/\/prefeitura.santarosa.rs.gov.br\/wp-content\/uploads\/2024\/06\/WhatsApp-Image-2024-06-21-at-14.59.01-1024x768.jpeg 1024w, https:\/\/prefeitura.santarosa.rs.gov.br\/wp-content\/uploads\/2024\/06\/WhatsApp-Image-2024-06-21-at-14.59.01-300x225.jpeg 300w, https:\/\/prefeitura.santarosa.rs.gov.br\/wp-content\/uploads\/2024\/06\/WhatsApp-Image-2024-06-21-at-14.59.01-768x576.jpeg 768w, https:\/\/prefeitura.santarosa.rs.gov.br\/wp-content\/uploads\/2024\/06\/WhatsApp-Image-2024-06-21-at-14.59.01-1536x1152.jpeg 1536w, https:\/\/prefeitura.santarosa.rs.gov.br\/wp-content\/uploads\/2024\/06\/WhatsApp-Image-2024-06-21-at-14.59.01-2048x1536.jpeg 2048w\" sizes=\"(max-width: 1024px) 100vw, 1024px\" \/><\/figure><\/li><\/ul><\/figure>\n","protected":false},"excerpt":{"rendered":"<p>Uma tarde inesquec\u00edvel com esporte, cultura e divers\u00e3o para a comunidade santa-rosense na nova Arena e Complexo Poliesportivo e Cultural<\/p>\n","protected":false},"author":6,"featured_media":10697,"comment_status":"closed","ping_status":"closed","sticky":false,"template":"","format":"standard","meta":{"footnotes":""},"categories":[4,22],"tags":[],"class_list":["post-10689","post","type-post","status-publish","format-standard","has-post-thumbnail","hentry","category-noticias","category-secretaria-municipal-de-planejamento-e-habitacao"],"aioseo_notices":[],"_links":{"self":[{"href":"https:\/\/prefeitura.santarosa.rs.gov.br\/index.php?rest_route=\/wp\/v2\/posts\/10689","targetHints":{"allow":["GET"]}}],"collection":[{"href":"https:\/\/prefeitura.santarosa.rs.gov.br\/index.php?rest_route=\/wp\/v2\/posts"}],"about":[{"href":"https:\/\/prefeitura.santarosa.rs.gov.br\/index.php?rest_route=\/wp\/v2\/types\/post"}],"author":[{"embeddable":true,"href":"https:\/\/prefeitura.santarosa.rs.gov.br\/index.php?rest_route=\/wp\/v2\/users\/6"}],"replies":[{"embeddable":true,"href":"https:\/\/prefeitura.santarosa.rs.gov.br\/index.php?rest_route=%2Fwp%2Fv2%2Fcomments&post=10689"}],"version-history":[{"count":1,"href":"https:\/\/prefeitura.santarosa.rs.gov.br\/index.php?rest_route=\/wp\/v2\/posts\/10689\/revisions"}],"predecessor-version":[{"id":10701,"href":"https:\/\/prefeitura.santarosa.rs.gov.br\/index.php?rest_route=\/wp\/v2\/posts\/10689\/revisions\/10701"}],"wp:featuredmedia":[{"embeddable":true,"href":"https:\/\/prefeitura.santarosa.rs.gov.br\/index.php?rest_route=\/wp\/v2\/media\/10697"}],"wp:attachment":[{"href":"https:\/\/prefeitura.santarosa.rs.gov.br\/index.php?rest_route=%2Fwp%2Fv2%2Fmedia&parent=10689"}],"wp:term":[{"taxonomy":"category","embeddable":true,"href":"https:\/\/prefeitura.santarosa.rs.gov.br\/index.php?rest_route=%2Fwp%2Fv2%2Fcategories&post=10689"},{"taxonomy":"post_tag","embeddable":true,"href":"https:\/\/prefeitura.santarosa.rs.gov.br\/index.php?rest_route=%2Fwp%2Fv2%2Ftags&post=10689"}],"curies":[{"name":"wp","href":"https:\/\/api.w.org\/{rel}","templated":true}]}}