{"id":10680,"date":"2024-06-20T16:22:30","date_gmt":"2024-06-20T19:22:30","guid":{"rendered":"https:\/\/prefeitura.santarosa.rs.gov.br\/?p=10680"},"modified":"2024-10-07T09:51:06","modified_gmt":"2024-10-07T12:51:06","slug":"atletas-de-santa-rosa-sao-eleitos-campeoes-de-torneio-internacional-de-futsal","status":"publish","type":"post","link":"https:\/\/prefeitura.santarosa.rs.gov.br\/?p=10680","title":{"rendered":"<strong>Atletas de Santa Rosa s\u00e3o eleitos campe\u00f5es de torneio internacional de Futsal<\/strong>"},"content":{"rendered":"\n<p><em>Integrantes do ASR Futsal conquistaram o 1\u00ba lugar do 5\u00b0ASB Internacional de Futsal na Espanha<\/em><\/p>\n\n\n\n<figure class=\"wp-block-image size-full\"><img fetchpriority=\"high\" decoding=\"async\" width=\"860\" height=\"645\" src=\"https:\/\/prefeitura.santarosa.rs.gov.br\/wp-content\/uploads\/2024\/06\/Formato-Site-e-Portal-860X645-JPG-2024-06-20T160951.868.jpg\" alt=\"\" class=\"wp-image-10681\" srcset=\"https:\/\/prefeitura.santarosa.rs.gov.br\/wp-content\/uploads\/2024\/06\/Formato-Site-e-Portal-860X645-JPG-2024-06-20T160951.868.jpg 860w, https:\/\/prefeitura.santarosa.rs.gov.br\/wp-content\/uploads\/2024\/06\/Formato-Site-e-Portal-860X645-JPG-2024-06-20T160951.868-300x225.jpg 300w, https:\/\/prefeitura.santarosa.rs.gov.br\/wp-content\/uploads\/2024\/06\/Formato-Site-e-Portal-860X645-JPG-2024-06-20T160951.868-768x576.jpg 768w\" sizes=\"(max-width: 860px) 100vw, 860px\" \/><\/figure>\n\n\n\n<p>Santa Rosa foi mais uma vez muito bem representada internacionalmente no esporte. Sete atletas do munic\u00edpio da Associa\u00e7\u00e3o Noroeste de Futsal &#8211; ASR, disputaram no \u00faltimo final de semana, o 5\u00b0 ASB Futsal Internacional, na Espanha. A equipe sub-12 trouxe para casa o t\u00edtulo de campe\u00e3 ap\u00f3s 7 jogos invictos. Ao todo, 28 times de escolas de futsal e clubes de diversos pa\u00edses, como: Espanha, It\u00e1lia, Portugal, Inglaterra, Fran\u00e7a, Brasil, Irlanda, Holanda e Austr\u00e1lia, participaram da competi\u00e7\u00e3o.<\/p>\n\n\n\n<p>O torneio foi organizado na regi\u00e3o da Catalunha na Espanha, nas cidades de Barcelona, Reus e Salou. Na \u00faltima ter\u00e7a-feira (18), os atletas retornaram para o Brasil e foram recepcionados pelas fam\u00edlias e torcedores com direito a desfile pelas ruas de Santa Rosa. O prefeito Anderson Mantei e o vice-prefeito Aldemir Ulrich, participaram das boas-vindas e parabenizaram a ASR Futsal pela conquista, \u201c\u00c9 uma alegria ver jovens atletas representando t\u00e3o bem a nossa cidade em outros pa\u00edses. Estamos implementando diversas melhorias no esporte, para oferecer mais infraestrutura para os atletas de Santa Rosa. Fica os nossos parab\u00e9ns e o incentivo para que mais t\u00edtulos possam ser alcan\u00e7ados\u201d, destacou Anderson.<\/p>\n\n\n\n<p>Al\u00e9m do time conquistar o primeiro lugar na 5\u00aa edi\u00e7\u00e3o do ASB Internacional de Futsal, a equipe tamb\u00e9m teve o atleta Guilherme Hamerski reconhecido como melhor goleiro e Solano Walter como artilheiro.<\/p>\n","protected":false},"excerpt":{"rendered":"<p>Integrantes do ASR Futsal conquistaram o 1\u00ba lugar do 5\u00b0ASB Internacional de Futsal na Espanha Santa Rosa foi mais uma<\/p>\n","protected":false},"author":6,"featured_media":10682,"comment_status":"closed","ping_status":"closed","sticky":false,"template":"","format":"standard","meta":{"footnotes":""},"categories":[4,19],"tags":[],"class_list":["post-10680","post","type-post","status-publish","format-standard","has-post-thumbnail","hentry","category-noticias","category-secretaria-municipal-de-esporte"],"aioseo_notices":[],"_links":{"self":[{"href":"https:\/\/prefeitura.santarosa.rs.gov.br\/index.php?rest_route=\/wp\/v2\/posts\/10680","targetHints":{"allow":["GET"]}}],"collection":[{"href":"https:\/\/prefeitura.santarosa.rs.gov.br\/index.php?rest_route=\/wp\/v2\/posts"}],"about":[{"href":"https:\/\/prefeitura.santarosa.rs.gov.br\/index.php?rest_route=\/wp\/v2\/types\/post"}],"author":[{"embeddable":true,"href":"https:\/\/prefeitura.santarosa.rs.gov.br\/index.php?rest_route=\/wp\/v2\/users\/6"}],"replies":[{"embeddable":true,"href":"https:\/\/prefeitura.santarosa.rs.gov.br\/index.php?rest_route=%2Fwp%2Fv2%2Fcomments&post=10680"}],"version-history":[{"count":1,"href":"https:\/\/prefeitura.santarosa.rs.gov.br\/index.php?rest_route=\/wp\/v2\/posts\/10680\/revisions"}],"predecessor-version":[{"id":10683,"href":"https:\/\/prefeitura.santarosa.rs.gov.br\/index.php?rest_route=\/wp\/v2\/posts\/10680\/revisions\/10683"}],"wp:featuredmedia":[{"embeddable":true,"href":"https:\/\/prefeitura.santarosa.rs.gov.br\/index.php?rest_route=\/wp\/v2\/media\/10682"}],"wp:attachment":[{"href":"https:\/\/prefeitura.santarosa.rs.gov.br\/index.php?rest_route=%2Fwp%2Fv2%2Fmedia&parent=10680"}],"wp:term":[{"taxonomy":"category","embeddable":true,"href":"https:\/\/prefeitura.santarosa.rs.gov.br\/index.php?rest_route=%2Fwp%2Fv2%2Fcategories&post=10680"},{"taxonomy":"post_tag","embeddable":true,"href":"https:\/\/prefeitura.santarosa.rs.gov.br\/index.php?rest_route=%2Fwp%2Fv2%2Ftags&post=10680"}],"curies":[{"name":"wp","href":"https:\/\/api.w.org\/{rel}","templated":true}]}}