{"id":10676,"date":"2024-06-20T09:34:17","date_gmt":"2024-06-20T12:34:17","guid":{"rendered":"https:\/\/prefeitura.santarosa.rs.gov.br\/?p=10676"},"modified":"2024-10-07T09:51:06","modified_gmt":"2024-10-07T12:51:06","slug":"programa-habitacional-de-santa-rosa-e-destaque-em-outros-municipios-gauchos","status":"publish","type":"post","link":"https:\/\/prefeitura.santarosa.rs.gov.br\/?p=10676","title":{"rendered":"<strong>Programa Habitacional de Santa Rosa \u00e9 destaque em outros munic\u00edpios ga\u00fachos<\/strong>"},"content":{"rendered":"\n<p><em>Mais de 410 fam\u00edlias j\u00e1 foram contempladas com o subs\u00eddio da Prefeitura<\/em><\/p>\n\n\n\n<figure class=\"wp-block-image size-full\"><img fetchpriority=\"high\" decoding=\"async\" width=\"860\" height=\"645\" src=\"https:\/\/prefeitura.santarosa.rs.gov.br\/wp-content\/uploads\/2024\/06\/Formato-Site-e-Portal-860X645-JPG-2024-06-20T081432.333.jpg\" alt=\"\" class=\"wp-image-10677\" srcset=\"https:\/\/prefeitura.santarosa.rs.gov.br\/wp-content\/uploads\/2024\/06\/Formato-Site-e-Portal-860X645-JPG-2024-06-20T081432.333.jpg 860w, https:\/\/prefeitura.santarosa.rs.gov.br\/wp-content\/uploads\/2024\/06\/Formato-Site-e-Portal-860X645-JPG-2024-06-20T081432.333-300x225.jpg 300w, https:\/\/prefeitura.santarosa.rs.gov.br\/wp-content\/uploads\/2024\/06\/Formato-Site-e-Portal-860X645-JPG-2024-06-20T081432.333-768x576.jpg 768w\" sizes=\"(max-width: 860px) 100vw, 860px\" \/><\/figure>\n\n\n\n<p>O Programa Habitacional Santa Rosa Verde e Amarela, institu\u00eddo em junho do ano passado, tem sido destaque e refer\u00eancia para outras cidades ga\u00fachas. As prefeituras de Porto Alegre, Horizontina e Erechim entraram em contato com o Departamento de Habita\u00e7\u00e3o do munic\u00edpio para saber mais sobre como funciona o programa habitacional criado aqui. Em um ano, mais de 410 fam\u00edlias j\u00e1 foram contempladas com o benef\u00edcio disponibilizado pela Prefeitura de Santa Rosa e realizaram o sonho da casa pr\u00f3pria. Um investimento de mais de R$ 7,4 milh\u00f5es de recursos pr\u00f3prios do munic\u00edpio.<\/p>\n\n\n\n<p>Na \u00faltima semana, representantes da Prefeitura de Erechim vieram at\u00e9 Santa Rosa para conhecer melhor o Programa Santa Rosa Verde e Amarela. Adriano Chelepa, Coordenador da Habita\u00e7\u00e3o e Diego de Souza, Assessor Jur\u00eddico, foram recebidos pelo Secret\u00e1rio de Planejamento e Habita\u00e7\u00e3o, Cl\u00e1udio Franke e pela Diretora de Habita\u00e7\u00e3o, Daniela Tabile, que explicaram os detalhes do projeto. \u201cEstamos muito contentes com a repercuss\u00e3o que o programa vem tendo em outros munic\u00edpios, pois vemos que este \u00e9 um programa que deu certo e que tem auxiliado muitas fam\u00edlias na realiza\u00e7\u00e3o do sonho de adquirir um im\u00f3vel. Com certeza, muitos outros santa-rosenses ser\u00e3o contemplados e isso s\u00f3 est\u00e1 sendo poss\u00edvel gra\u00e7as \u00e0s economias da gest\u00e3o\u201d, destacou Cl\u00e1udio Franke. Al\u00e9m dos 414 contratos pagos, outros 51 processos est\u00e3o em tramita\u00e7\u00e3o.<\/p>\n\n\n\n<p>No programa, s\u00e3o aceitos financiamentos habitacionais, casa ou apartamento novos, de at\u00e9 R$ 220 mil. Os cidad\u00e3os beneficiados recebem um subs\u00eddio de R$ 18 mil para a entrada da aquisi\u00e7\u00e3o ou constru\u00e7\u00e3o de um im\u00f3vel. Os interessados em receber o benef\u00edcio devem procurar uma institui\u00e7\u00e3o financeira ou de cr\u00e9dito e encaminhar o financiamento habitacional. Assim que liberado o financiamento, dentro dos crit\u00e9rios do programa, o subs\u00eddio da prefeitura \u00e9 aprovado.<\/p>\n\n\n\n<p>Confira abaixo, alguns requisitos para participar do programa:<\/p>\n\n\n\n<p>\u2013 Ser maior de idade ou emancipado na forma de lei<\/p>\n\n\n\n<p>\u2013 N\u00e3o ser propriet\u00e1rio de im\u00f3vel residencial urbano em Santa Rosa<\/p>\n\n\n\n<p>\u2013 Ter renda familiar bruta de at\u00e9 R$ 7 mil<\/p>\n","protected":false},"excerpt":{"rendered":"<p>Mais de 410 fam\u00edlias j\u00e1 foram contempladas com o subs\u00eddio da Prefeitura O Programa Habitacional Santa Rosa Verde e Amarela,<\/p>\n","protected":false},"author":6,"featured_media":10678,"comment_status":"closed","ping_status":"closed","sticky":false,"template":"","format":"standard","meta":{"footnotes":""},"categories":[4,22],"tags":[],"class_list":["post-10676","post","type-post","status-publish","format-standard","has-post-thumbnail","hentry","category-noticias","category-secretaria-municipal-de-planejamento-e-habitacao"],"aioseo_notices":[],"_links":{"self":[{"href":"https:\/\/prefeitura.santarosa.rs.gov.br\/index.php?rest_route=\/wp\/v2\/posts\/10676","targetHints":{"allow":["GET"]}}],"collection":[{"href":"https:\/\/prefeitura.santarosa.rs.gov.br\/index.php?rest_route=\/wp\/v2\/posts"}],"about":[{"href":"https:\/\/prefeitura.santarosa.rs.gov.br\/index.php?rest_route=\/wp\/v2\/types\/post"}],"author":[{"embeddable":true,"href":"https:\/\/prefeitura.santarosa.rs.gov.br\/index.php?rest_route=\/wp\/v2\/users\/6"}],"replies":[{"embeddable":true,"href":"https:\/\/prefeitura.santarosa.rs.gov.br\/index.php?rest_route=%2Fwp%2Fv2%2Fcomments&post=10676"}],"version-history":[{"count":1,"href":"https:\/\/prefeitura.santarosa.rs.gov.br\/index.php?rest_route=\/wp\/v2\/posts\/10676\/revisions"}],"predecessor-version":[{"id":10679,"href":"https:\/\/prefeitura.santarosa.rs.gov.br\/index.php?rest_route=\/wp\/v2\/posts\/10676\/revisions\/10679"}],"wp:featuredmedia":[{"embeddable":true,"href":"https:\/\/prefeitura.santarosa.rs.gov.br\/index.php?rest_route=\/wp\/v2\/media\/10678"}],"wp:attachment":[{"href":"https:\/\/prefeitura.santarosa.rs.gov.br\/index.php?rest_route=%2Fwp%2Fv2%2Fmedia&parent=10676"}],"wp:term":[{"taxonomy":"category","embeddable":true,"href":"https:\/\/prefeitura.santarosa.rs.gov.br\/index.php?rest_route=%2Fwp%2Fv2%2Fcategories&post=10676"},{"taxonomy":"post_tag","embeddable":true,"href":"https:\/\/prefeitura.santarosa.rs.gov.br\/index.php?rest_route=%2Fwp%2Fv2%2Ftags&post=10676"}],"curies":[{"name":"wp","href":"https:\/\/api.w.org\/{rel}","templated":true}]}}