{"id":10672,"date":"2024-06-20T09:28:49","date_gmt":"2024-06-20T12:28:49","guid":{"rendered":"https:\/\/prefeitura.santarosa.rs.gov.br\/?p=10672"},"modified":"2024-10-07T09:51:06","modified_gmt":"2024-10-07T12:51:06","slug":"prefeitura-investe-na-aquisicao-de-maquinas-para-os-trabalhos-no-interior","status":"publish","type":"post","link":"https:\/\/prefeitura.santarosa.rs.gov.br\/?p=10672","title":{"rendered":"<strong>Prefeitura investe na aquisi\u00e7\u00e3o de m\u00e1quinas para os trabalhos no interior<\/strong>"},"content":{"rendered":"\n<p><em>Foram adquiridos uma motoniveladora e um rolo compactador<\/em><\/p>\n\n\n\n<figure class=\"wp-block-image size-full\"><img fetchpriority=\"high\" decoding=\"async\" width=\"860\" height=\"645\" src=\"https:\/\/prefeitura.santarosa.rs.gov.br\/wp-content\/uploads\/2024\/06\/Formato-Site-e-Portal-860X645-JPG-2024-06-20T081741.031.jpg\" alt=\"\" class=\"wp-image-10673\" srcset=\"https:\/\/prefeitura.santarosa.rs.gov.br\/wp-content\/uploads\/2024\/06\/Formato-Site-e-Portal-860X645-JPG-2024-06-20T081741.031.jpg 860w, https:\/\/prefeitura.santarosa.rs.gov.br\/wp-content\/uploads\/2024\/06\/Formato-Site-e-Portal-860X645-JPG-2024-06-20T081741.031-300x225.jpg 300w, https:\/\/prefeitura.santarosa.rs.gov.br\/wp-content\/uploads\/2024\/06\/Formato-Site-e-Portal-860X645-JPG-2024-06-20T081741.031-768x576.jpg 768w\" sizes=\"(max-width: 860px) 100vw, 860px\" \/><\/figure>\n\n\n\n<p>A Prefeitura de Santa Rosa investiu mais uma vez na aquisi\u00e7\u00e3o de m\u00e1quinas para o trabalho de recupera\u00e7\u00e3o das estradas do interior. Uma motoniveladora e um rolo compactador foram adquiridos pelo Governo Municipal. O maquin\u00e1rio vai ser utilizado para auxiliar nos servi\u00e7os realizados pela Secretaria de Agricultura nas comunidades da \u00e1rea rural. A entrega dos equipamentos aconteceu na manh\u00e3 desta quarta-feira (19), na frente do Pal\u00e1cio Municipal 14 de Julho. Um investimento de mais de R$ 1,6 milh\u00e3o de recursos pr\u00f3prios, das economias da gest\u00e3o.<\/p>\n\n\n\n<p>As m\u00e1quinas ir\u00e3o auxiliar nas obras realizadas no interior, principalmente no nivelamento das estradas e nos servi\u00e7os de terraplenagem em geral. O Prefeito Anderson Mantei destacou que os novos equipamentos v\u00e3o ser importantes para o maquin\u00e1rio da Secretaria de Agricultura, que tem atendido as demandas das comunidades, \u201cTivemos v\u00e1rias danos por causa das chuvas dos \u00faltimos meses e estamos refor\u00e7ando nosso maquin\u00e1rio para agilizar o servi\u00e7o de recupera\u00e7\u00e3o das estradas do munic\u00edpio. Este \u00e9 um grande investimento realizado com as nossas economias que vai auxiliar muito a Secretaria de Agricultura. Estamos atuando em diversas frentes para melhorar a condi\u00e7\u00e3o de quem mora no campo\u201d. O prefeito destaca ainda que mais 4 caminh\u00f5es j\u00e1 foram adquiridos (2 para a Secretaria de Obras e 2 para a Secretaria de Agricultura) e devem chegar nos pr\u00f3ximos dias. Um investimento de cerca de R$ 3 milh\u00f5es.<\/p>\n\n\n\n<p>A Prefeitura tamb\u00e9m adquiriu outra motoniveladora para os servi\u00e7os no interior, que foi entregue recentemente para a Secretaria de Agricultura. O investimento total em m\u00e1quinas \u00e9 de mais de R$ 5,6 milh\u00f5es de recursos pr\u00f3prios. Participaram da entrega, secret\u00e1rios, vereadores e o representante da empresa respons\u00e1vel pela entrega do maquin\u00e1rio.<\/p>\n","protected":false},"excerpt":{"rendered":"<p>Foram adquiridos uma motoniveladora e um rolo compactador A Prefeitura de Santa Rosa investiu mais uma vez na aquisi\u00e7\u00e3o de<\/p>\n","protected":false},"author":6,"featured_media":10674,"comment_status":"closed","ping_status":"closed","sticky":false,"template":"","format":"standard","meta":{"footnotes":""},"categories":[4,14],"tags":[],"class_list":["post-10672","post","type-post","status-publish","format-standard","has-post-thumbnail","hentry","category-noticias","category-secretaria-municipal-de-agricultura"],"aioseo_notices":[],"_links":{"self":[{"href":"https:\/\/prefeitura.santarosa.rs.gov.br\/index.php?rest_route=\/wp\/v2\/posts\/10672","targetHints":{"allow":["GET"]}}],"collection":[{"href":"https:\/\/prefeitura.santarosa.rs.gov.br\/index.php?rest_route=\/wp\/v2\/posts"}],"about":[{"href":"https:\/\/prefeitura.santarosa.rs.gov.br\/index.php?rest_route=\/wp\/v2\/types\/post"}],"author":[{"embeddable":true,"href":"https:\/\/prefeitura.santarosa.rs.gov.br\/index.php?rest_route=\/wp\/v2\/users\/6"}],"replies":[{"embeddable":true,"href":"https:\/\/prefeitura.santarosa.rs.gov.br\/index.php?rest_route=%2Fwp%2Fv2%2Fcomments&post=10672"}],"version-history":[{"count":1,"href":"https:\/\/prefeitura.santarosa.rs.gov.br\/index.php?rest_route=\/wp\/v2\/posts\/10672\/revisions"}],"predecessor-version":[{"id":10675,"href":"https:\/\/prefeitura.santarosa.rs.gov.br\/index.php?rest_route=\/wp\/v2\/posts\/10672\/revisions\/10675"}],"wp:featuredmedia":[{"embeddable":true,"href":"https:\/\/prefeitura.santarosa.rs.gov.br\/index.php?rest_route=\/wp\/v2\/media\/10674"}],"wp:attachment":[{"href":"https:\/\/prefeitura.santarosa.rs.gov.br\/index.php?rest_route=%2Fwp%2Fv2%2Fmedia&parent=10672"}],"wp:term":[{"taxonomy":"category","embeddable":true,"href":"https:\/\/prefeitura.santarosa.rs.gov.br\/index.php?rest_route=%2Fwp%2Fv2%2Fcategories&post=10672"},{"taxonomy":"post_tag","embeddable":true,"href":"https:\/\/prefeitura.santarosa.rs.gov.br\/index.php?rest_route=%2Fwp%2Fv2%2Ftags&post=10672"}],"curies":[{"name":"wp","href":"https:\/\/api.w.org\/{rel}","templated":true}]}}