{"id":10665,"date":"2024-06-19T16:15:49","date_gmt":"2024-06-19T19:15:49","guid":{"rendered":"https:\/\/prefeitura.santarosa.rs.gov.br\/?p=10665"},"modified":"2024-10-07T09:51:06","modified_gmt":"2024-10-07T12:51:06","slug":"grande-festa-marca-inauguracao-da-arena-e-do-complexo-poliesportivo-na-sexta-feira","status":"publish","type":"post","link":"https:\/\/prefeitura.santarosa.rs.gov.br\/?p=10665","title":{"rendered":"<strong>Grande festa marca inaugura\u00e7\u00e3o da Arena e do Complexo Poliesportivo na sexta-feira<\/strong>"},"content":{"rendered":"\n<figure class=\"wp-block-image size-full\"><img fetchpriority=\"high\" decoding=\"async\" width=\"860\" height=\"645\" src=\"https:\/\/prefeitura.santarosa.rs.gov.br\/wp-content\/uploads\/2024\/06\/Formato-Site-e-Portal-860X645-JPG-2024-06-18T161820.567-1.jpg\" alt=\"\" class=\"wp-image-10670\" srcset=\"https:\/\/prefeitura.santarosa.rs.gov.br\/wp-content\/uploads\/2024\/06\/Formato-Site-e-Portal-860X645-JPG-2024-06-18T161820.567-1.jpg 860w, https:\/\/prefeitura.santarosa.rs.gov.br\/wp-content\/uploads\/2024\/06\/Formato-Site-e-Portal-860X645-JPG-2024-06-18T161820.567-1-300x225.jpg 300w, https:\/\/prefeitura.santarosa.rs.gov.br\/wp-content\/uploads\/2024\/06\/Formato-Site-e-Portal-860X645-JPG-2024-06-18T161820.567-1-768x576.jpg 768w\" sizes=\"(max-width: 860px) 100vw, 860px\" \/><\/figure>\n\n\n\n<p>A partir de sexta-feira (21), a comunidade regional vai poder contar com um novo espa\u00e7o para o esporte e o lazer. O Governo Municipal e a Fenasoja v\u00e3o realizar \u00e0s 14 horas, no Parque de Exposi\u00e7\u00f5es Alfredo Leandro Carlson, uma festa de inaugura\u00e7\u00e3o da Arena e do Complexo Poliesportivo e Cultural. O local vai poder ser utilizado para diversas atividades, como: eventos, recrea\u00e7\u00e3o, servi\u00e7o social, pr\u00e1tica de esportes, entre outros.<\/p>\n\n\n\n<p>A obra da Arena e do Complexo Poliesportivo e Cultural foi executada por etapas. A primeira etapa foi conclu\u00edda pela Fenasoja. O presidente D\u00e1rio Germano destaca, \u201cEste \u00e9 um grande sonho realizado, a Arena Fenasoja e o Complexo Poliesportivo Cultural est\u00e3o prontos e quem mais vai aproveitar \u00e9 a comunidade que vai poder usufruir desse espa\u00e7o com as fam\u00edlias\u201d. Foram realizadas, a terraplanagem, a estrutura da Arena e o piso interno. O local conta com espa\u00e7o para 3 quadras de esporte. &nbsp;<\/p>\n\n\n\n<p>A 2\u00aa etapa conduzida pela Prefeitura, contemplou uma quadra de v\u00f4lei de areia, quadra de v\u00f4lei em concreto, campo de futebol, estrutura completa de banheiros, salas de apoio aos eventos, piso externo e escadaria com acessibilidade. O Prefeito Anderson Mantei destacou que a comunidade recebe um espa\u00e7o diferenciado, com mais infraestrutura para o esporte e o lazer, \u201cEsta \u00e9 uma grande obra para Santa Rosa. Estamos investindo muito na nossa cidade e este vai ser mais um espa\u00e7o p\u00fablico de qualidade para acolher as fam\u00edlias com seguran\u00e7a e que vai promover a sa\u00fade e o bem-estar de toda a popula\u00e7\u00e3o\u201d.<\/p>\n\n\n\n<p>Mais de R$ 4,2 milh\u00f5es foram investidos na 2\u00aa etapa, sendo: R$ 2.902.346,66 de recursos pr\u00f3prios do munic\u00edpio, de economias da gest\u00e3o e R$ 1.323.972,90 de recurso do Governo Federal. Al\u00e9m disso, a Prefeitura e a Fenasoja realizaram obras de ilumina\u00e7\u00e3o, guarda-corpos e acessibilidade, totalizando um investimento de 7 milh\u00f5es de reais nas duas etapas. Toda comunidade est\u00e1 convidada para participar da Festa de Inaugura\u00e7\u00e3o do espa\u00e7o na sexta-feira durante a tarde.<\/p>\n\n\n\n<p><\/p>\n","protected":false},"excerpt":{"rendered":"<p>A partir de sexta-feira (21), a comunidade regional vai poder contar com um novo espa\u00e7o para o esporte e o<\/p>\n","protected":false},"author":6,"featured_media":10667,"comment_status":"closed","ping_status":"closed","sticky":false,"template":"","format":"standard","meta":{"footnotes":""},"categories":[4,22],"tags":[],"class_list":["post-10665","post","type-post","status-publish","format-standard","has-post-thumbnail","hentry","category-noticias","category-secretaria-municipal-de-planejamento-e-habitacao"],"aioseo_notices":[],"_links":{"self":[{"href":"https:\/\/prefeitura.santarosa.rs.gov.br\/index.php?rest_route=\/wp\/v2\/posts\/10665","targetHints":{"allow":["GET"]}}],"collection":[{"href":"https:\/\/prefeitura.santarosa.rs.gov.br\/index.php?rest_route=\/wp\/v2\/posts"}],"about":[{"href":"https:\/\/prefeitura.santarosa.rs.gov.br\/index.php?rest_route=\/wp\/v2\/types\/post"}],"author":[{"embeddable":true,"href":"https:\/\/prefeitura.santarosa.rs.gov.br\/index.php?rest_route=\/wp\/v2\/users\/6"}],"replies":[{"embeddable":true,"href":"https:\/\/prefeitura.santarosa.rs.gov.br\/index.php?rest_route=%2Fwp%2Fv2%2Fcomments&post=10665"}],"version-history":[{"count":2,"href":"https:\/\/prefeitura.santarosa.rs.gov.br\/index.php?rest_route=\/wp\/v2\/posts\/10665\/revisions"}],"predecessor-version":[{"id":10671,"href":"https:\/\/prefeitura.santarosa.rs.gov.br\/index.php?rest_route=\/wp\/v2\/posts\/10665\/revisions\/10671"}],"wp:featuredmedia":[{"embeddable":true,"href":"https:\/\/prefeitura.santarosa.rs.gov.br\/index.php?rest_route=\/wp\/v2\/media\/10667"}],"wp:attachment":[{"href":"https:\/\/prefeitura.santarosa.rs.gov.br\/index.php?rest_route=%2Fwp%2Fv2%2Fmedia&parent=10665"}],"wp:term":[{"taxonomy":"category","embeddable":true,"href":"https:\/\/prefeitura.santarosa.rs.gov.br\/index.php?rest_route=%2Fwp%2Fv2%2Fcategories&post=10665"},{"taxonomy":"post_tag","embeddable":true,"href":"https:\/\/prefeitura.santarosa.rs.gov.br\/index.php?rest_route=%2Fwp%2Fv2%2Ftags&post=10665"}],"curies":[{"name":"wp","href":"https:\/\/api.w.org\/{rel}","templated":true}]}}