{"id":10657,"date":"2024-06-17T15:12:52","date_gmt":"2024-06-17T18:12:52","guid":{"rendered":"https:\/\/prefeitura.santarosa.rs.gov.br\/?p=10657"},"modified":"2024-10-07T09:51:06","modified_gmt":"2024-10-07T12:51:06","slug":"obra-no-lajeado-paulino-esta-80-concluida","status":"publish","type":"post","link":"https:\/\/prefeitura.santarosa.rs.gov.br\/?p=10657","title":{"rendered":"<strong>Obra no Lajeado Paulino est\u00e1 80% conclu\u00edda<\/strong>"},"content":{"rendered":"\n<figure class=\"wp-block-image size-full\"><img fetchpriority=\"high\" decoding=\"async\" width=\"860\" height=\"645\" src=\"https:\/\/prefeitura.santarosa.rs.gov.br\/wp-content\/uploads\/2024\/06\/Formato-Site-e-Portal-860X645-JPG-2024-06-17T150953.626.jpg\" alt=\"\" class=\"wp-image-10658\" srcset=\"https:\/\/prefeitura.santarosa.rs.gov.br\/wp-content\/uploads\/2024\/06\/Formato-Site-e-Portal-860X645-JPG-2024-06-17T150953.626.jpg 860w, https:\/\/prefeitura.santarosa.rs.gov.br\/wp-content\/uploads\/2024\/06\/Formato-Site-e-Portal-860X645-JPG-2024-06-17T150953.626-300x225.jpg 300w, https:\/\/prefeitura.santarosa.rs.gov.br\/wp-content\/uploads\/2024\/06\/Formato-Site-e-Portal-860X645-JPG-2024-06-17T150953.626-768x576.jpg 768w\" sizes=\"(max-width: 860px) 100vw, 860px\" \/><\/figure>\n\n\n\n<p>Interior de Santa Rosa recebe mais investimentos. Entre os projetos em execu\u00e7\u00e3o, est\u00e1 a obra de pavimenta\u00e7\u00e3o na estrada de acesso para a comunidade do Lajeado Paulino. As melhorias acontecem em uma \u00e1rea de 6.802,52 metros quadrados. Mais de R$ 680 mil est\u00e3o sendo investidos no local.<\/p>\n\n\n\n<p>Al\u00e9m de facilitar o tr\u00e1fego de ve\u00edculos, as melhorias no Lajeado Paulino v\u00e3o concluir a obra de acesso da comunidade para a RS-344. O vice-prefeito Aldemir Ulrich esteve no local acompanhando o servi\u00e7o e destacou a a\u00e7\u00e3o, \u201cEsta \u00e9 uma das muitas obras que estamos executando no interior de Santa Rosa. Toda a chuva dos \u00faltimos meses prejudicou nosso servi\u00e7o, mas vamos trabalhar ainda mais, para recuperar o que foi danificado e melhorar ainda mais as demais vias\u201d. No local tamb\u00e9m est\u00e3o sendo realizados os servi\u00e7os complementares de terraplanagem, assentamento de meio-fio de concreto e enleivamento da sarjeta.<\/p>\n","protected":false},"excerpt":{"rendered":"<p>Interior de Santa Rosa recebe mais investimentos. Entre os projetos em execu\u00e7\u00e3o, est\u00e1 a obra de pavimenta\u00e7\u00e3o na estrada de<\/p>\n","protected":false},"author":6,"featured_media":10659,"comment_status":"closed","ping_status":"closed","sticky":false,"template":"","format":"standard","meta":{"footnotes":""},"categories":[4,22],"tags":[],"class_list":["post-10657","post","type-post","status-publish","format-standard","has-post-thumbnail","hentry","category-noticias","category-secretaria-municipal-de-planejamento-e-habitacao"],"aioseo_notices":[],"_links":{"self":[{"href":"https:\/\/prefeitura.santarosa.rs.gov.br\/index.php?rest_route=\/wp\/v2\/posts\/10657","targetHints":{"allow":["GET"]}}],"collection":[{"href":"https:\/\/prefeitura.santarosa.rs.gov.br\/index.php?rest_route=\/wp\/v2\/posts"}],"about":[{"href":"https:\/\/prefeitura.santarosa.rs.gov.br\/index.php?rest_route=\/wp\/v2\/types\/post"}],"author":[{"embeddable":true,"href":"https:\/\/prefeitura.santarosa.rs.gov.br\/index.php?rest_route=\/wp\/v2\/users\/6"}],"replies":[{"embeddable":true,"href":"https:\/\/prefeitura.santarosa.rs.gov.br\/index.php?rest_route=%2Fwp%2Fv2%2Fcomments&post=10657"}],"version-history":[{"count":1,"href":"https:\/\/prefeitura.santarosa.rs.gov.br\/index.php?rest_route=\/wp\/v2\/posts\/10657\/revisions"}],"predecessor-version":[{"id":10660,"href":"https:\/\/prefeitura.santarosa.rs.gov.br\/index.php?rest_route=\/wp\/v2\/posts\/10657\/revisions\/10660"}],"wp:featuredmedia":[{"embeddable":true,"href":"https:\/\/prefeitura.santarosa.rs.gov.br\/index.php?rest_route=\/wp\/v2\/media\/10659"}],"wp:attachment":[{"href":"https:\/\/prefeitura.santarosa.rs.gov.br\/index.php?rest_route=%2Fwp%2Fv2%2Fmedia&parent=10657"}],"wp:term":[{"taxonomy":"category","embeddable":true,"href":"https:\/\/prefeitura.santarosa.rs.gov.br\/index.php?rest_route=%2Fwp%2Fv2%2Fcategories&post=10657"},{"taxonomy":"post_tag","embeddable":true,"href":"https:\/\/prefeitura.santarosa.rs.gov.br\/index.php?rest_route=%2Fwp%2Fv2%2Ftags&post=10657"}],"curies":[{"name":"wp","href":"https:\/\/api.w.org\/{rel}","templated":true}]}}