{"id":10653,"date":"2024-06-17T15:01:53","date_gmt":"2024-06-17T18:01:53","guid":{"rendered":"https:\/\/prefeitura.santarosa.rs.gov.br\/?p=10653"},"modified":"2024-10-07T09:51:06","modified_gmt":"2024-10-07T12:51:06","slug":"mais-de-200-pessoas-participaram-da-acao-do-junho-violeta-promovida-pela-prefeitura","status":"publish","type":"post","link":"https:\/\/prefeitura.santarosa.rs.gov.br\/?p=10653","title":{"rendered":"<strong>Mais de 200 pessoas participaram da a\u00e7\u00e3o do Junho Violeta promovida pela Prefeitura<\/strong>"},"content":{"rendered":"\n<figure class=\"wp-block-image size-full\"><img fetchpriority=\"high\" decoding=\"async\" width=\"860\" height=\"645\" src=\"https:\/\/prefeitura.santarosa.rs.gov.br\/wp-content\/uploads\/2024\/06\/Formato-Site-e-Portal-860X645-JPG-2024-06-17T140141.426.jpg\" alt=\"\" class=\"wp-image-10654\" srcset=\"https:\/\/prefeitura.santarosa.rs.gov.br\/wp-content\/uploads\/2024\/06\/Formato-Site-e-Portal-860X645-JPG-2024-06-17T140141.426.jpg 860w, https:\/\/prefeitura.santarosa.rs.gov.br\/wp-content\/uploads\/2024\/06\/Formato-Site-e-Portal-860X645-JPG-2024-06-17T140141.426-300x225.jpg 300w, https:\/\/prefeitura.santarosa.rs.gov.br\/wp-content\/uploads\/2024\/06\/Formato-Site-e-Portal-860X645-JPG-2024-06-17T140141.426-768x576.jpg 768w\" sizes=\"(max-width: 860px) 100vw, 860px\" \/><\/figure>\n\n\n\n<p>A Prefeitura de Santa Rosa, por meio da Secretaria de Desenvolvimento Social, promoveu no s\u00e1bado, 15 de junho, Dia Mundial de Conscientiza\u00e7\u00e3o da Viol\u00eancia contra a Pessoa Idosa, um evento no Parque de Exposi\u00e7\u00f5es. A a\u00e7\u00e3o fez parte do Junho Violeta, uma campanha que destaca a import\u00e2ncia da conscientiza\u00e7\u00e3o e combate \u00e0 viol\u00eancia contra os idosos. Mais de 200 pessoas participaram da atividade que teve o apoio da Ger\u00eancia de Pol\u00edticas para Idosos e do Conselho Municipal do Idoso.<\/p>\n\n\n\n<p>Na oportunidade, foi realizada uma palestra informativa para os idosos, sob a coordena\u00e7\u00e3o do Centro de Refer\u00eancia Especializado de Assist\u00eancia Social (CREAS). A Presidente do Conselho Municipal do Idoso, Roseli Bess, destacou que o objetivo da a\u00e7\u00e3o foi refor\u00e7ar a import\u00e2ncia desse tema e conscientizar a sociedade sobre o cuidado com os idosos, \u201cPrecisamos falar mais sobre os canais de den\u00fancia e informar n\u00e3o s\u00f3 a popula\u00e7\u00e3o em geral, mas os pr\u00f3prios idosos, sobre os seus direitos. Nosso evento foi um sucesso, conseguimos atrair um grande p\u00fablico, trazer informa\u00e7\u00f5es sobre a valoriza\u00e7\u00e3o da pessoa idosa e confraternizar uns com os outros\u201d. Ap\u00f3s a palestra, foi realizado um baile organizado pelo Grupo de Idosos Renascer Juntos.<\/p>\n","protected":false},"excerpt":{"rendered":"<p>A Prefeitura de Santa Rosa, por meio da Secretaria de Desenvolvimento Social, promoveu no s\u00e1bado, 15 de junho, Dia Mundial<\/p>\n","protected":false},"author":6,"featured_media":10655,"comment_status":"closed","ping_status":"closed","sticky":false,"template":"","format":"standard","meta":{"footnotes":""},"categories":[4,17],"tags":[],"class_list":["post-10653","post","type-post","status-publish","format-standard","has-post-thumbnail","hentry","category-noticias","category-secretaria-municipal-de-desenvolvimento-social"],"aioseo_notices":[],"_links":{"self":[{"href":"https:\/\/prefeitura.santarosa.rs.gov.br\/index.php?rest_route=\/wp\/v2\/posts\/10653","targetHints":{"allow":["GET"]}}],"collection":[{"href":"https:\/\/prefeitura.santarosa.rs.gov.br\/index.php?rest_route=\/wp\/v2\/posts"}],"about":[{"href":"https:\/\/prefeitura.santarosa.rs.gov.br\/index.php?rest_route=\/wp\/v2\/types\/post"}],"author":[{"embeddable":true,"href":"https:\/\/prefeitura.santarosa.rs.gov.br\/index.php?rest_route=\/wp\/v2\/users\/6"}],"replies":[{"embeddable":true,"href":"https:\/\/prefeitura.santarosa.rs.gov.br\/index.php?rest_route=%2Fwp%2Fv2%2Fcomments&post=10653"}],"version-history":[{"count":1,"href":"https:\/\/prefeitura.santarosa.rs.gov.br\/index.php?rest_route=\/wp\/v2\/posts\/10653\/revisions"}],"predecessor-version":[{"id":10656,"href":"https:\/\/prefeitura.santarosa.rs.gov.br\/index.php?rest_route=\/wp\/v2\/posts\/10653\/revisions\/10656"}],"wp:featuredmedia":[{"embeddable":true,"href":"https:\/\/prefeitura.santarosa.rs.gov.br\/index.php?rest_route=\/wp\/v2\/media\/10655"}],"wp:attachment":[{"href":"https:\/\/prefeitura.santarosa.rs.gov.br\/index.php?rest_route=%2Fwp%2Fv2%2Fmedia&parent=10653"}],"wp:term":[{"taxonomy":"category","embeddable":true,"href":"https:\/\/prefeitura.santarosa.rs.gov.br\/index.php?rest_route=%2Fwp%2Fv2%2Fcategories&post=10653"},{"taxonomy":"post_tag","embeddable":true,"href":"https:\/\/prefeitura.santarosa.rs.gov.br\/index.php?rest_route=%2Fwp%2Fv2%2Ftags&post=10653"}],"curies":[{"name":"wp","href":"https:\/\/api.w.org\/{rel}","templated":true}]}}