{"id":10645,"date":"2024-06-14T15:48:49","date_gmt":"2024-06-14T18:48:49","guid":{"rendered":"https:\/\/prefeitura.santarosa.rs.gov.br\/?p=10645"},"modified":"2024-10-07T09:51:06","modified_gmt":"2024-10-07T12:51:06","slug":"prefeitura-vai-promover-evento-do-junho-violeta-mes-do-combate-a-violencia-contra-a-pessoa-idosa","status":"publish","type":"post","link":"https:\/\/prefeitura.santarosa.rs.gov.br\/?p=10645","title":{"rendered":"<strong>Prefeitura vai promover evento do Junho Violeta: m\u00eas do combate \u00e0 viol\u00eancia contra a pessoa idosa<\/strong>"},"content":{"rendered":"\n<figure class=\"wp-block-image size-full\"><img fetchpriority=\"high\" decoding=\"async\" width=\"860\" height=\"645\" src=\"https:\/\/prefeitura.santarosa.rs.gov.br\/wp-content\/uploads\/2024\/06\/Formato-Site-e-Portal-860X645-JPG-2024-06-14T154730.823.jpg\" alt=\"\" class=\"wp-image-10646\" srcset=\"https:\/\/prefeitura.santarosa.rs.gov.br\/wp-content\/uploads\/2024\/06\/Formato-Site-e-Portal-860X645-JPG-2024-06-14T154730.823.jpg 860w, https:\/\/prefeitura.santarosa.rs.gov.br\/wp-content\/uploads\/2024\/06\/Formato-Site-e-Portal-860X645-JPG-2024-06-14T154730.823-300x225.jpg 300w, https:\/\/prefeitura.santarosa.rs.gov.br\/wp-content\/uploads\/2024\/06\/Formato-Site-e-Portal-860X645-JPG-2024-06-14T154730.823-768x576.jpg 768w\" sizes=\"(max-width: 860px) 100vw, 860px\" \/><\/figure>\n\n\n\n<p>A Prefeitura Santa Rosa, por meio da Secretaria de Desenvolvimento Social, preparou uma programa\u00e7\u00e3o especial para o Junho Violeta, uma campanha que destaca a import\u00e2ncia da conscientiza\u00e7\u00e3o e combate \u00e0 viol\u00eancia contra os idosos. No pr\u00f3ximo s\u00e1bado, 15 de junho, Dia Mundial de Conscientiza\u00e7\u00e3o da Viol\u00eancia contra a Pessoa Idosa, ser\u00e1 realizado um evento no Parque de Exposi\u00e7\u00f5es (Grupo de Idosos Renascer Juntos). A a\u00e7\u00e3o vai iniciar \u00e0s 13h50min e vai contar com uma palestra informativa para os idosos, al\u00e9m de outras atra\u00e7\u00f5es.<\/p>\n\n\n\n<p>O Junho Violeta \u00e9 um m\u00eas dedicado \u00e0 conscientiza\u00e7\u00e3o do combate \u00e0 viol\u00eancia contra a pessoa idosa. O coordenador da Assessoria de Pol\u00edticas para Idosos, vinculada \u00e0 Secretaria de Desenvolvimento Social, Fernando Fonseca, destaca que o objetivo da campanha \u00e9 conscientizar a sociedade para esse tema, \u201c\u00c9 importante falarmos sobre esse assunto com a popula\u00e7\u00e3o. Precisamos cuidar e valorizar nossos idosos\u201d.<\/p>\n\n\n\n<p>A palestra vai ser conduzida pelo Centro de Refer\u00eancia Especializado de Assist\u00eancia Social (CREAS), atrav\u00e9s de seus representantes, Rafael Marodin e Caroline Segatto. Para participar, basta realizar a inscri\u00e7\u00e3o pelo telefone: (55) 9.8140-0300.<\/p>\n","protected":false},"excerpt":{"rendered":"<p>A Prefeitura Santa Rosa, por meio da Secretaria de Desenvolvimento Social, preparou uma programa\u00e7\u00e3o especial para o Junho Violeta, uma<\/p>\n","protected":false},"author":6,"featured_media":10647,"comment_status":"closed","ping_status":"closed","sticky":false,"template":"","format":"standard","meta":{"footnotes":""},"categories":[4,17],"tags":[],"class_list":["post-10645","post","type-post","status-publish","format-standard","has-post-thumbnail","hentry","category-noticias","category-secretaria-municipal-de-desenvolvimento-social"],"aioseo_notices":[],"_links":{"self":[{"href":"https:\/\/prefeitura.santarosa.rs.gov.br\/index.php?rest_route=\/wp\/v2\/posts\/10645","targetHints":{"allow":["GET"]}}],"collection":[{"href":"https:\/\/prefeitura.santarosa.rs.gov.br\/index.php?rest_route=\/wp\/v2\/posts"}],"about":[{"href":"https:\/\/prefeitura.santarosa.rs.gov.br\/index.php?rest_route=\/wp\/v2\/types\/post"}],"author":[{"embeddable":true,"href":"https:\/\/prefeitura.santarosa.rs.gov.br\/index.php?rest_route=\/wp\/v2\/users\/6"}],"replies":[{"embeddable":true,"href":"https:\/\/prefeitura.santarosa.rs.gov.br\/index.php?rest_route=%2Fwp%2Fv2%2Fcomments&post=10645"}],"version-history":[{"count":1,"href":"https:\/\/prefeitura.santarosa.rs.gov.br\/index.php?rest_route=\/wp\/v2\/posts\/10645\/revisions"}],"predecessor-version":[{"id":10648,"href":"https:\/\/prefeitura.santarosa.rs.gov.br\/index.php?rest_route=\/wp\/v2\/posts\/10645\/revisions\/10648"}],"wp:featuredmedia":[{"embeddable":true,"href":"https:\/\/prefeitura.santarosa.rs.gov.br\/index.php?rest_route=\/wp\/v2\/media\/10647"}],"wp:attachment":[{"href":"https:\/\/prefeitura.santarosa.rs.gov.br\/index.php?rest_route=%2Fwp%2Fv2%2Fmedia&parent=10645"}],"wp:term":[{"taxonomy":"category","embeddable":true,"href":"https:\/\/prefeitura.santarosa.rs.gov.br\/index.php?rest_route=%2Fwp%2Fv2%2Fcategories&post=10645"},{"taxonomy":"post_tag","embeddable":true,"href":"https:\/\/prefeitura.santarosa.rs.gov.br\/index.php?rest_route=%2Fwp%2Fv2%2Ftags&post=10645"}],"curies":[{"name":"wp","href":"https:\/\/api.w.org\/{rel}","templated":true}]}}