{"id":10641,"date":"2024-06-14T15:15:36","date_gmt":"2024-06-14T18:15:36","guid":{"rendered":"https:\/\/prefeitura.santarosa.rs.gov.br\/?p=10641"},"modified":"2024-10-07T09:51:06","modified_gmt":"2024-10-07T12:51:06","slug":"hemocentro-de-santa-rosa-realizou-acao-especial-no-dia-mundial-do-doador-de-sangue","status":"publish","type":"post","link":"https:\/\/prefeitura.santarosa.rs.gov.br\/?p=10641","title":{"rendered":"<strong>Hemocentro de Santa Rosa realizou a\u00e7\u00e3o especial no Dia Mundial do Doador de Sangue<\/strong>"},"content":{"rendered":"\n<figure class=\"wp-block-image size-full\"><img fetchpriority=\"high\" decoding=\"async\" width=\"860\" height=\"645\" src=\"https:\/\/prefeitura.santarosa.rs.gov.br\/wp-content\/uploads\/2024\/06\/Formato-Site-e-Portal-860X645-JPG-2024-06-14T150758.899.jpg\" alt=\"\" class=\"wp-image-10642\" srcset=\"https:\/\/prefeitura.santarosa.rs.gov.br\/wp-content\/uploads\/2024\/06\/Formato-Site-e-Portal-860X645-JPG-2024-06-14T150758.899.jpg 860w, https:\/\/prefeitura.santarosa.rs.gov.br\/wp-content\/uploads\/2024\/06\/Formato-Site-e-Portal-860X645-JPG-2024-06-14T150758.899-300x225.jpg 300w, https:\/\/prefeitura.santarosa.rs.gov.br\/wp-content\/uploads\/2024\/06\/Formato-Site-e-Portal-860X645-JPG-2024-06-14T150758.899-768x576.jpg 768w\" sizes=\"(max-width: 860px) 100vw, 860px\" \/><\/figure>\n\n\n\n<p>Nesta sexta-feira (14), Dia Mundial do Doador de Sangue, a FUMSSAR, atrav\u00e9s do Hemocentro Regional de Santa Rosa \u2013 HEMOSAR, realizou uma a\u00e7\u00e3o especial para comemorar a data. Os doadores agendados receberam um lanche especial e o servi\u00e7o funcionou em hor\u00e1rio diferenciado. O objetivo da atividade foi valorizar e agradecer aos doadores de sangue do munic\u00edpio e da regi\u00e3o, al\u00e9m de conscientizar a popula\u00e7\u00e3o para a import\u00e2ncia da doa\u00e7\u00e3o.<\/p>\n\n\n\n<p>A equipe que atua no HEMOSAR ornamentou o local para oferecer um acolhimento especial aos doadores de sangue, empresas, institui\u00e7\u00f5es e demais parceiros que incentivam esse ato solid\u00e1rio. A Gerente do HEMOSAR, Josiane Aquino, destacou que o hemocentro busca incentivar a doa\u00e7\u00e3o de sangue, principalmente, para a popula\u00e7\u00e3o mais jovem que \u00e9 o p\u00fablico menos frequente no local, \u201cOs jovens n\u00e3o est\u00e3o habituados com a doa\u00e7\u00e3o de sangue, por isso precisamos tamb\u00e9m alcan\u00e7ar estes doadores. Essa \u00e9 uma data muito importante para conscientizar a comunidade, na inten\u00e7\u00e3o de que mais pessoas se tornem doadoras e nos auxiliem para manter os estoques em n\u00edveis seguros\u201d.<\/p>\n\n\n\n<p>O Hemocentro Regional de Santa Rosa foi inaugurado em 1998, fornece sangue para 52 munic\u00edpios, mais de 600 mil habitantes e atende 24 ag\u00eancias transfusionais (hospitais da regi\u00e3o). Est\u00e3o sendo realizadas em m\u00e9dia, mil coletas de sangue por m\u00eas. O Hemocentro de Santa Rosa fica localizado na Rua Boa Vista, 401, Centro. O hor\u00e1rio de atendimento \u00e9 de segunda a sexta-feira, das 07h30min \u00e0s 11h e das 13h30min \u00e0s 16h30min. O agendamento para realizar a doa\u00e7\u00e3o de sangue pode ser feito pelo telefone: (55) 3513-5140 (WhatsApp).<\/p>\n","protected":false},"excerpt":{"rendered":"<p>Nesta sexta-feira (14), Dia Mundial do Doador de Sangue, a FUMSSAR, atrav\u00e9s do Hemocentro Regional de Santa Rosa \u2013 HEMOSAR,<\/p>\n","protected":false},"author":6,"featured_media":10643,"comment_status":"closed","ping_status":"closed","sticky":false,"template":"","format":"standard","meta":{"footnotes":""},"categories":[10,4,8],"tags":[],"class_list":["post-10641","post","type-post","status-publish","format-standard","has-post-thumbnail","hentry","category-geral","category-noticias","category-noticias-fumssar"],"aioseo_notices":[],"_links":{"self":[{"href":"https:\/\/prefeitura.santarosa.rs.gov.br\/index.php?rest_route=\/wp\/v2\/posts\/10641","targetHints":{"allow":["GET"]}}],"collection":[{"href":"https:\/\/prefeitura.santarosa.rs.gov.br\/index.php?rest_route=\/wp\/v2\/posts"}],"about":[{"href":"https:\/\/prefeitura.santarosa.rs.gov.br\/index.php?rest_route=\/wp\/v2\/types\/post"}],"author":[{"embeddable":true,"href":"https:\/\/prefeitura.santarosa.rs.gov.br\/index.php?rest_route=\/wp\/v2\/users\/6"}],"replies":[{"embeddable":true,"href":"https:\/\/prefeitura.santarosa.rs.gov.br\/index.php?rest_route=%2Fwp%2Fv2%2Fcomments&post=10641"}],"version-history":[{"count":1,"href":"https:\/\/prefeitura.santarosa.rs.gov.br\/index.php?rest_route=\/wp\/v2\/posts\/10641\/revisions"}],"predecessor-version":[{"id":10644,"href":"https:\/\/prefeitura.santarosa.rs.gov.br\/index.php?rest_route=\/wp\/v2\/posts\/10641\/revisions\/10644"}],"wp:featuredmedia":[{"embeddable":true,"href":"https:\/\/prefeitura.santarosa.rs.gov.br\/index.php?rest_route=\/wp\/v2\/media\/10643"}],"wp:attachment":[{"href":"https:\/\/prefeitura.santarosa.rs.gov.br\/index.php?rest_route=%2Fwp%2Fv2%2Fmedia&parent=10641"}],"wp:term":[{"taxonomy":"category","embeddable":true,"href":"https:\/\/prefeitura.santarosa.rs.gov.br\/index.php?rest_route=%2Fwp%2Fv2%2Fcategories&post=10641"},{"taxonomy":"post_tag","embeddable":true,"href":"https:\/\/prefeitura.santarosa.rs.gov.br\/index.php?rest_route=%2Fwp%2Fv2%2Ftags&post=10641"}],"curies":[{"name":"wp","href":"https:\/\/api.w.org\/{rel}","templated":true}]}}