{"id":10637,"date":"2024-06-14T11:11:47","date_gmt":"2024-06-14T14:11:47","guid":{"rendered":"https:\/\/prefeitura.santarosa.rs.gov.br\/?p=10637"},"modified":"2024-10-07T09:51:06","modified_gmt":"2024-10-07T12:51:06","slug":"prefeitura-realiza-o-cercamento-do-parquinho-na-praca-10-de-agosto","status":"publish","type":"post","link":"https:\/\/prefeitura.santarosa.rs.gov.br\/?p=10637","title":{"rendered":"<strong>Prefeitura realiza o cercamento do parquinho na Pra\u00e7a 10 de Agosto<\/strong>"},"content":{"rendered":"\n<figure class=\"wp-block-image size-full\"><img fetchpriority=\"high\" decoding=\"async\" width=\"860\" height=\"645\" src=\"https:\/\/prefeitura.santarosa.rs.gov.br\/wp-content\/uploads\/2024\/06\/Formato-Site-e-Portal-860X645-JPG-2024-06-14T110824.460.jpg\" alt=\"\" class=\"wp-image-10638\" srcset=\"https:\/\/prefeitura.santarosa.rs.gov.br\/wp-content\/uploads\/2024\/06\/Formato-Site-e-Portal-860X645-JPG-2024-06-14T110824.460.jpg 860w, https:\/\/prefeitura.santarosa.rs.gov.br\/wp-content\/uploads\/2024\/06\/Formato-Site-e-Portal-860X645-JPG-2024-06-14T110824.460-300x225.jpg 300w, https:\/\/prefeitura.santarosa.rs.gov.br\/wp-content\/uploads\/2024\/06\/Formato-Site-e-Portal-860X645-JPG-2024-06-14T110824.460-768x576.jpg 768w\" sizes=\"(max-width: 860px) 100vw, 860px\" \/><\/figure>\n\n\n\n<p>O Governo Municipal tem investido nos espa\u00e7os p\u00fablicos de Santa Rosa. Com o objetivo de dar mais seguran\u00e7a para as fam\u00edlias santa-rosenses, a Prefeitura realizou o cercamento do parquinho infantil, localizado na Pra\u00e7a 10 de Agosto, no Centro. O hor\u00e1rio de funcionamento \u00e9 das 09h \u00e0s 21h, todos os dias.<\/p>\n\n\n\n<p>Para promover a seguran\u00e7a e evitar o vandalismo, o parquinho da Pra\u00e7a foi cercado. O prefeito Anderson Mantei, visitou o local e destacou que essa a\u00e7\u00e3o faz parte do projeto de revitaliza\u00e7\u00e3o que est\u00e1 acontecendo nos espa\u00e7os p\u00fablicos de Santa Rosa, \u201cEstamos realizando diversas melhorias nos parques e pra\u00e7as da nossa cidade, para dar mais infraestrutura para o esporte e o lazer e assim, promover o bem-estar da popula\u00e7\u00e3o. O parquinho do Centro \u00e9 um local para as crian\u00e7as e seus pais frequentarem e queremos que esteja sempre limpo e com os brinquedos em boas condi\u00e7\u00f5es de uso\u201d.<\/p>\n\n\n\n<p>O vigilante que cuida o Parc\u00e3o faz o fechamento e abertura do espa\u00e7o. O pr\u00f3ximo passo ser\u00e1 a reforma do piso e a manuten\u00e7\u00e3o dos brinquedos. &nbsp;<\/p>\n","protected":false},"excerpt":{"rendered":"<p>O Governo Municipal tem investido nos espa\u00e7os p\u00fablicos de Santa Rosa. Com o objetivo de dar mais seguran\u00e7a para as<\/p>\n","protected":false},"author":6,"featured_media":10639,"comment_status":"closed","ping_status":"closed","sticky":false,"template":"","format":"standard","meta":{"footnotes":""},"categories":[4,22],"tags":[],"class_list":["post-10637","post","type-post","status-publish","format-standard","has-post-thumbnail","hentry","category-noticias","category-secretaria-municipal-de-planejamento-e-habitacao"],"aioseo_notices":[],"_links":{"self":[{"href":"https:\/\/prefeitura.santarosa.rs.gov.br\/index.php?rest_route=\/wp\/v2\/posts\/10637","targetHints":{"allow":["GET"]}}],"collection":[{"href":"https:\/\/prefeitura.santarosa.rs.gov.br\/index.php?rest_route=\/wp\/v2\/posts"}],"about":[{"href":"https:\/\/prefeitura.santarosa.rs.gov.br\/index.php?rest_route=\/wp\/v2\/types\/post"}],"author":[{"embeddable":true,"href":"https:\/\/prefeitura.santarosa.rs.gov.br\/index.php?rest_route=\/wp\/v2\/users\/6"}],"replies":[{"embeddable":true,"href":"https:\/\/prefeitura.santarosa.rs.gov.br\/index.php?rest_route=%2Fwp%2Fv2%2Fcomments&post=10637"}],"version-history":[{"count":1,"href":"https:\/\/prefeitura.santarosa.rs.gov.br\/index.php?rest_route=\/wp\/v2\/posts\/10637\/revisions"}],"predecessor-version":[{"id":10640,"href":"https:\/\/prefeitura.santarosa.rs.gov.br\/index.php?rest_route=\/wp\/v2\/posts\/10637\/revisions\/10640"}],"wp:featuredmedia":[{"embeddable":true,"href":"https:\/\/prefeitura.santarosa.rs.gov.br\/index.php?rest_route=\/wp\/v2\/media\/10639"}],"wp:attachment":[{"href":"https:\/\/prefeitura.santarosa.rs.gov.br\/index.php?rest_route=%2Fwp%2Fv2%2Fmedia&parent=10637"}],"wp:term":[{"taxonomy":"category","embeddable":true,"href":"https:\/\/prefeitura.santarosa.rs.gov.br\/index.php?rest_route=%2Fwp%2Fv2%2Fcategories&post=10637"},{"taxonomy":"post_tag","embeddable":true,"href":"https:\/\/prefeitura.santarosa.rs.gov.br\/index.php?rest_route=%2Fwp%2Fv2%2Ftags&post=10637"}],"curies":[{"name":"wp","href":"https:\/\/api.w.org\/{rel}","templated":true}]}}