{"id":10633,"date":"2024-06-12T16:31:31","date_gmt":"2024-06-12T19:31:31","guid":{"rendered":"https:\/\/prefeitura.santarosa.rs.gov.br\/?p=10633"},"modified":"2024-10-07T09:51:06","modified_gmt":"2024-10-07T12:51:06","slug":"obra-da-emei-amor-perfeito-esta-sendo-finalizada","status":"publish","type":"post","link":"https:\/\/prefeitura.santarosa.rs.gov.br\/?p=10633","title":{"rendered":"<strong>Obra da EMEI Amor Perfeito est\u00e1 sendo finalizada<\/strong>"},"content":{"rendered":"\n<p><em>Em breve, a nova escola vai estar em funcionamento com a amplia\u00e7\u00e3o de mais de 100 vagas<\/em><\/p>\n\n\n\n<figure class=\"wp-block-image size-full\"><img fetchpriority=\"high\" decoding=\"async\" width=\"860\" height=\"645\" src=\"https:\/\/prefeitura.santarosa.rs.gov.br\/wp-content\/uploads\/2024\/06\/Formato-Site-e-Portal-860X645-JPG-2024-06-12T163051.488.jpg\" alt=\"\" class=\"wp-image-10634\" srcset=\"https:\/\/prefeitura.santarosa.rs.gov.br\/wp-content\/uploads\/2024\/06\/Formato-Site-e-Portal-860X645-JPG-2024-06-12T163051.488.jpg 860w, https:\/\/prefeitura.santarosa.rs.gov.br\/wp-content\/uploads\/2024\/06\/Formato-Site-e-Portal-860X645-JPG-2024-06-12T163051.488-300x225.jpg 300w, https:\/\/prefeitura.santarosa.rs.gov.br\/wp-content\/uploads\/2024\/06\/Formato-Site-e-Portal-860X645-JPG-2024-06-12T163051.488-768x576.jpg 768w\" sizes=\"(max-width: 860px) 100vw, 860px\" \/><\/figure>\n\n\n\n<p>Falta pouco para a Prefeitura de Santa Rosa concluir a constru\u00e7\u00e3o da nova Escola Municipal de Educa\u00e7\u00e3o Infantil Amor Perfeito, na Vila Pereira. A unidade j\u00e1 est\u00e1 com 96% da obra pronta, restando apenas os acabamentos finais: pintura, revestimentos e a finaliza\u00e7\u00e3o da parte el\u00e9trica. A previs\u00e3o \u00e9 de que o pr\u00e9dio com 1.510,23 m\u00b2 de \u00e1rea, seja entregue nos pr\u00f3ximos dias, com o in\u00edcio das aulas no local. Mais de R$ 6 milh\u00f5es de recursos pr\u00f3prios, das economias da gest\u00e3o, foram investidos no projeto.<\/p>\n\n\n\n<p>O novo local vai proporcionar mais vagas para a educa\u00e7\u00e3o infantil. Atualmente, a EMEI atende 76 crian\u00e7as, em turmas de ber\u00e7\u00e1rio, maternal e pr\u00e9-escola. Com o novo pr\u00e9dio, vai ser poss\u00edvel ampliar o atendimento atrav\u00e9s de mais de 100 novas vagas (alunos que est\u00e3o na lista de espera da Central de Vagas e ser\u00e3o chamados). O prefeito Anderson Mantei, destaca que esta \u00e9 mais uma obra de grande porte e bem estruturada, cujo projeto foi desenvolvido a fim de ampliar o atendimento e proporcionar um ensino de qualidade para os alunos da Rede Municipal de Ensino, \u201cEste \u00e9 um importante investimento que fizemos das economias da nossa gest\u00e3o para atender melhor as fam\u00edlias e as crian\u00e7as de Santa Rosa. Estamos avan\u00e7ando nas obras de educa\u00e7\u00e3o para entregar escolas com mais infraestrutura, seguran\u00e7a e qualidade para os alunos. Nosso objetivo \u00e9 seguir ampliando o n\u00famero de vagas, atendendo esta importante demanda da comunidade\u201d.<\/p>\n\n\n\n<p>O pr\u00e9dio fica localizado na Rua Jos\u00e9 Maic\u00e1, n\u00ba 75 \u2013 Vila Pereira, no bairro Cruzeiro. A unidade vai contar com 10 salas de aula, refeit\u00f3rio, sala de professores, sol\u00e1rios, espa\u00e7o recreativo e demais ambientes planejados e organizados. Al\u00e9m da amplia\u00e7\u00e3o das turmas e do n\u00famero de vagas, a Prefeitura tamb\u00e9m refor\u00e7ou o quadro de profissionais. V\u00e3o atuar na nova escola mais 10 monitores e 3 professores de educa\u00e7\u00e3o infantil. Junto com a Amor Perfeito, est\u00e3o em andamento no munic\u00edpio, outros 02 grandes projetos de constru\u00e7\u00e3o de EMEIs (S\u00e3o Francisco e Andressa Ferreira). Com as novas escolas, vai ser poss\u00edvel disponibilizar mais 559 vagas na Educa\u00e7\u00e3o Infantil. Outro grande investimento foi realizado na aquisi\u00e7\u00e3o de equipamentos e m\u00f3veis para os novos pr\u00e9dios. Para isso, mais de R$ 1 milh\u00e3o foram investidos nas 3 escolas, com recursos pr\u00f3prios do munic\u00edpio, para a aquisi\u00e7\u00e3o destes materiais.<\/p>\n","protected":false},"excerpt":{"rendered":"<p>Em breve, a nova escola vai estar em funcionamento com a amplia\u00e7\u00e3o de mais de 100 vagas Falta pouco para<\/p>\n","protected":false},"author":6,"featured_media":10635,"comment_status":"closed","ping_status":"closed","sticky":false,"template":"","format":"standard","meta":{"footnotes":""},"categories":[4,18],"tags":[],"class_list":["post-10633","post","type-post","status-publish","format-standard","has-post-thumbnail","hentry","category-noticias","category-secretaria-municipal-de-educacao-e-cultura"],"aioseo_notices":[],"_links":{"self":[{"href":"https:\/\/prefeitura.santarosa.rs.gov.br\/index.php?rest_route=\/wp\/v2\/posts\/10633","targetHints":{"allow":["GET"]}}],"collection":[{"href":"https:\/\/prefeitura.santarosa.rs.gov.br\/index.php?rest_route=\/wp\/v2\/posts"}],"about":[{"href":"https:\/\/prefeitura.santarosa.rs.gov.br\/index.php?rest_route=\/wp\/v2\/types\/post"}],"author":[{"embeddable":true,"href":"https:\/\/prefeitura.santarosa.rs.gov.br\/index.php?rest_route=\/wp\/v2\/users\/6"}],"replies":[{"embeddable":true,"href":"https:\/\/prefeitura.santarosa.rs.gov.br\/index.php?rest_route=%2Fwp%2Fv2%2Fcomments&post=10633"}],"version-history":[{"count":1,"href":"https:\/\/prefeitura.santarosa.rs.gov.br\/index.php?rest_route=\/wp\/v2\/posts\/10633\/revisions"}],"predecessor-version":[{"id":10636,"href":"https:\/\/prefeitura.santarosa.rs.gov.br\/index.php?rest_route=\/wp\/v2\/posts\/10633\/revisions\/10636"}],"wp:featuredmedia":[{"embeddable":true,"href":"https:\/\/prefeitura.santarosa.rs.gov.br\/index.php?rest_route=\/wp\/v2\/media\/10635"}],"wp:attachment":[{"href":"https:\/\/prefeitura.santarosa.rs.gov.br\/index.php?rest_route=%2Fwp%2Fv2%2Fmedia&parent=10633"}],"wp:term":[{"taxonomy":"category","embeddable":true,"href":"https:\/\/prefeitura.santarosa.rs.gov.br\/index.php?rest_route=%2Fwp%2Fv2%2Fcategories&post=10633"},{"taxonomy":"post_tag","embeddable":true,"href":"https:\/\/prefeitura.santarosa.rs.gov.br\/index.php?rest_route=%2Fwp%2Fv2%2Ftags&post=10633"}],"curies":[{"name":"wp","href":"https:\/\/api.w.org\/{rel}","templated":true}]}}