{"id":10608,"date":"2024-06-07T16:38:37","date_gmt":"2024-06-07T19:38:37","guid":{"rendered":"https:\/\/prefeitura.santarosa.rs.gov.br\/?p=10608"},"modified":"2024-10-07T09:51:06","modified_gmt":"2024-10-07T12:51:06","slug":"comunicado-parque-de-exposicoes","status":"publish","type":"post","link":"https:\/\/prefeitura.santarosa.rs.gov.br\/?p=10608","title":{"rendered":"Comunicado: Parque de Exposi\u00e7\u00f5es"},"content":{"rendered":"\n<figure class=\"wp-block-image size-full\"><img fetchpriority=\"high\" decoding=\"async\" width=\"860\" height=\"645\" src=\"https:\/\/prefeitura.santarosa.rs.gov.br\/wp-content\/uploads\/2024\/06\/Formato-Site-e-Portal-860X645-JPG-2024-06-07T163619.820.jpg\" alt=\"\" class=\"wp-image-10609\" srcset=\"https:\/\/prefeitura.santarosa.rs.gov.br\/wp-content\/uploads\/2024\/06\/Formato-Site-e-Portal-860X645-JPG-2024-06-07T163619.820.jpg 860w, https:\/\/prefeitura.santarosa.rs.gov.br\/wp-content\/uploads\/2024\/06\/Formato-Site-e-Portal-860X645-JPG-2024-06-07T163619.820-300x225.jpg 300w, https:\/\/prefeitura.santarosa.rs.gov.br\/wp-content\/uploads\/2024\/06\/Formato-Site-e-Portal-860X645-JPG-2024-06-07T163619.820-768x576.jpg 768w\" sizes=\"(max-width: 860px) 100vw, 860px\" \/><\/figure>\n\n\n\n<p>A partir de s\u00e1bado (08\/06), o Parque de Exposi\u00e7\u00f5es Alfredo Leandro Carlson vai estar liberado para visita\u00e7\u00e3o.<\/p>\n\n\n\n<ul class=\"wp-block-list\"><li>Hor\u00e1rio de Atendimento: 07h30min \u00e0s 20h<\/li><\/ul>\n","protected":false},"excerpt":{"rendered":"<p>A partir de s\u00e1bado (08\/06), o Parque de Exposi\u00e7\u00f5es Alfredo Leandro Carlson vai estar liberado para visita\u00e7\u00e3o. Hor\u00e1rio de Atendimento:<\/p>\n","protected":false},"author":6,"featured_media":10610,"comment_status":"closed","ping_status":"closed","sticky":false,"template":"","format":"standard","meta":{"footnotes":""},"categories":[4,15,21],"tags":[],"class_list":["post-10608","post","type-post","status-publish","format-standard","has-post-thumbnail","hentry","category-noticias","category-secretaria-municipal-de-comunicacao","category-secretaria-municipal-de-obras"],"aioseo_notices":[],"_links":{"self":[{"href":"https:\/\/prefeitura.santarosa.rs.gov.br\/index.php?rest_route=\/wp\/v2\/posts\/10608","targetHints":{"allow":["GET"]}}],"collection":[{"href":"https:\/\/prefeitura.santarosa.rs.gov.br\/index.php?rest_route=\/wp\/v2\/posts"}],"about":[{"href":"https:\/\/prefeitura.santarosa.rs.gov.br\/index.php?rest_route=\/wp\/v2\/types\/post"}],"author":[{"embeddable":true,"href":"https:\/\/prefeitura.santarosa.rs.gov.br\/index.php?rest_route=\/wp\/v2\/users\/6"}],"replies":[{"embeddable":true,"href":"https:\/\/prefeitura.santarosa.rs.gov.br\/index.php?rest_route=%2Fwp%2Fv2%2Fcomments&post=10608"}],"version-history":[{"count":1,"href":"https:\/\/prefeitura.santarosa.rs.gov.br\/index.php?rest_route=\/wp\/v2\/posts\/10608\/revisions"}],"predecessor-version":[{"id":10611,"href":"https:\/\/prefeitura.santarosa.rs.gov.br\/index.php?rest_route=\/wp\/v2\/posts\/10608\/revisions\/10611"}],"wp:featuredmedia":[{"embeddable":true,"href":"https:\/\/prefeitura.santarosa.rs.gov.br\/index.php?rest_route=\/wp\/v2\/media\/10610"}],"wp:attachment":[{"href":"https:\/\/prefeitura.santarosa.rs.gov.br\/index.php?rest_route=%2Fwp%2Fv2%2Fmedia&parent=10608"}],"wp:term":[{"taxonomy":"category","embeddable":true,"href":"https:\/\/prefeitura.santarosa.rs.gov.br\/index.php?rest_route=%2Fwp%2Fv2%2Fcategories&post=10608"},{"taxonomy":"post_tag","embeddable":true,"href":"https:\/\/prefeitura.santarosa.rs.gov.br\/index.php?rest_route=%2Fwp%2Fv2%2Ftags&post=10608"}],"curies":[{"name":"wp","href":"https:\/\/api.w.org\/{rel}","templated":true}]}}