{"id":10600,"date":"2024-06-07T10:03:44","date_gmt":"2024-06-07T13:03:44","guid":{"rendered":"https:\/\/prefeitura.santarosa.rs.gov.br\/?p=10600"},"modified":"2024-10-07T09:51:06","modified_gmt":"2024-10-07T12:51:06","slug":"emef-pedro-speroni-completou-71-anos","status":"publish","type":"post","link":"https:\/\/prefeitura.santarosa.rs.gov.br\/?p=10600","title":{"rendered":"<strong>EMEF Pedro Speroni completou 71 anos<\/strong>"},"content":{"rendered":"\n<figure class=\"wp-block-image size-full\"><img fetchpriority=\"high\" decoding=\"async\" width=\"860\" height=\"645\" src=\"https:\/\/prefeitura.santarosa.rs.gov.br\/wp-content\/uploads\/2024\/06\/Formato-Site-e-Portal-860X645-JPG-2024-06-07T094840.365.jpg\" alt=\"\" class=\"wp-image-10601\" srcset=\"https:\/\/prefeitura.santarosa.rs.gov.br\/wp-content\/uploads\/2024\/06\/Formato-Site-e-Portal-860X645-JPG-2024-06-07T094840.365.jpg 860w, https:\/\/prefeitura.santarosa.rs.gov.br\/wp-content\/uploads\/2024\/06\/Formato-Site-e-Portal-860X645-JPG-2024-06-07T094840.365-300x225.jpg 300w, https:\/\/prefeitura.santarosa.rs.gov.br\/wp-content\/uploads\/2024\/06\/Formato-Site-e-Portal-860X645-JPG-2024-06-07T094840.365-768x576.jpg 768w\" sizes=\"(max-width: 860px) 100vw, 860px\" \/><\/figure>\n\n\n\n<p>A Escola Municipal de Ensino Fundamental Pedro Speroni, localizada no bairro Cruzeiro, completou 71 anos de funda\u00e7\u00e3o. A EMEF inaugurada em 1953 faz parte da Rede Municipal de Ensino de Santa Rosa. Para celebrar as mais de sete d\u00e9cadas de hist\u00f3ria, a coordena\u00e7\u00e3o realizou diversas a\u00e7\u00f5es com os alunos e professores.<\/p>\n\n\n\n<p>Na oportunidade, os estudantes fizeram apresenta\u00e7\u00f5es e homenagens ao anivers\u00e1rio da escola. A diretora, Iondir Schaedler, destacou que ao longo destas sete d\u00e9cadas, o trabalho tem sido realizado com muita dedica\u00e7\u00e3o e compet\u00eancia, sempre com o objetivo de avan\u00e7ar na melhoria do ensino e ofertar uma educa\u00e7\u00e3o de qualidade e excel\u00eancia, \u201cOs 71 anos de hist\u00f3ria da nossa escola, valoriza e destaca o olhar atencioso de cada pessoa e profissional que passou por aqui, seja, professores, funcion\u00e1rios, pais e alunos, todos contribu\u00edram para essa hist\u00f3ria de sucesso e aprendizagem\u201d.<\/p>\n\n\n\n<p>Atualmente, a escola possui 449 alunos matriculados em turmas da pr\u00e9-escola ao 9\u00ba ano e 44 profissionais. A EMEF Pedro Speroni est\u00e1 localizada na Rua Joaquim Rodrigues, n\u00ba 1.661, Vila Speroni, no bairro Cruzeiro.<\/p>\n","protected":false},"excerpt":{"rendered":"<p>A Escola Municipal de Ensino Fundamental Pedro Speroni, localizada no bairro Cruzeiro, completou 71 anos de funda\u00e7\u00e3o. A EMEF inaugurada<\/p>\n","protected":false},"author":6,"featured_media":10602,"comment_status":"closed","ping_status":"closed","sticky":false,"template":"","format":"standard","meta":{"footnotes":""},"categories":[4,18],"tags":[],"class_list":["post-10600","post","type-post","status-publish","format-standard","has-post-thumbnail","hentry","category-noticias","category-secretaria-municipal-de-educacao-e-cultura"],"aioseo_notices":[],"_links":{"self":[{"href":"https:\/\/prefeitura.santarosa.rs.gov.br\/index.php?rest_route=\/wp\/v2\/posts\/10600","targetHints":{"allow":["GET"]}}],"collection":[{"href":"https:\/\/prefeitura.santarosa.rs.gov.br\/index.php?rest_route=\/wp\/v2\/posts"}],"about":[{"href":"https:\/\/prefeitura.santarosa.rs.gov.br\/index.php?rest_route=\/wp\/v2\/types\/post"}],"author":[{"embeddable":true,"href":"https:\/\/prefeitura.santarosa.rs.gov.br\/index.php?rest_route=\/wp\/v2\/users\/6"}],"replies":[{"embeddable":true,"href":"https:\/\/prefeitura.santarosa.rs.gov.br\/index.php?rest_route=%2Fwp%2Fv2%2Fcomments&post=10600"}],"version-history":[{"count":1,"href":"https:\/\/prefeitura.santarosa.rs.gov.br\/index.php?rest_route=\/wp\/v2\/posts\/10600\/revisions"}],"predecessor-version":[{"id":10603,"href":"https:\/\/prefeitura.santarosa.rs.gov.br\/index.php?rest_route=\/wp\/v2\/posts\/10600\/revisions\/10603"}],"wp:featuredmedia":[{"embeddable":true,"href":"https:\/\/prefeitura.santarosa.rs.gov.br\/index.php?rest_route=\/wp\/v2\/media\/10602"}],"wp:attachment":[{"href":"https:\/\/prefeitura.santarosa.rs.gov.br\/index.php?rest_route=%2Fwp%2Fv2%2Fmedia&parent=10600"}],"wp:term":[{"taxonomy":"category","embeddable":true,"href":"https:\/\/prefeitura.santarosa.rs.gov.br\/index.php?rest_route=%2Fwp%2Fv2%2Fcategories&post=10600"},{"taxonomy":"post_tag","embeddable":true,"href":"https:\/\/prefeitura.santarosa.rs.gov.br\/index.php?rest_route=%2Fwp%2Fv2%2Ftags&post=10600"}],"curies":[{"name":"wp","href":"https:\/\/api.w.org\/{rel}","templated":true}]}}