{"id":10576,"date":"2024-06-06T14:36:40","date_gmt":"2024-06-06T17:36:40","guid":{"rendered":"https:\/\/prefeitura.santarosa.rs.gov.br\/?p=10576"},"modified":"2024-10-07T09:51:06","modified_gmt":"2024-10-07T12:51:06","slug":"comunidade-de-taquari-agradece-a-ajuda-de-santa-rosa","status":"publish","type":"post","link":"https:\/\/prefeitura.santarosa.rs.gov.br\/?p=10576","title":{"rendered":"<strong>Comunidade de Taquari agradece a ajuda de Santa Rosa<\/strong>"},"content":{"rendered":"\n<figure class=\"wp-block-image size-full\"><img fetchpriority=\"high\" decoding=\"async\" width=\"860\" height=\"645\" src=\"https:\/\/prefeitura.santarosa.rs.gov.br\/wp-content\/uploads\/2024\/06\/Formato-Site-e-Portal-860X645-JPG-2024-06-06T143325.932.jpg\" alt=\"\" class=\"wp-image-10577\" srcset=\"https:\/\/prefeitura.santarosa.rs.gov.br\/wp-content\/uploads\/2024\/06\/Formato-Site-e-Portal-860X645-JPG-2024-06-06T143325.932.jpg 860w, https:\/\/prefeitura.santarosa.rs.gov.br\/wp-content\/uploads\/2024\/06\/Formato-Site-e-Portal-860X645-JPG-2024-06-06T143325.932-300x225.jpg 300w, https:\/\/prefeitura.santarosa.rs.gov.br\/wp-content\/uploads\/2024\/06\/Formato-Site-e-Portal-860X645-JPG-2024-06-06T143325.932-768x576.jpg 768w\" sizes=\"(max-width: 860px) 100vw, 860px\" \/><\/figure>\n\n\n\n<p>H\u00e1 20 dias que Santa Rosa adotou Taquari e muitos avan\u00e7os foram realizados. A comunidade se uniu nesta miss\u00e3o e mostrou a solidariedade do povo santa-rosense. A Prefeitura emitiu o Decreto n\u00ba 71\/2024, que definiu a\u00e7\u00f5es solid\u00e1rias priorit\u00e1rias ao munic\u00edpio de Taquari\/RS, em decorr\u00eancia das enchentes que atingiram a regi\u00e3o. Dessa forma, o Governo Municipal, institui\u00e7\u00f5es e volunt\u00e1rios t\u00eam auxiliado os taquarienses, na reconstru\u00e7\u00e3o da cidade. O vice-prefeito Aldemir Ulrich, junto com empres\u00e1rios, visitou novamente o munic\u00edpio nesta semana, para acompanhar o andamento dos trabalhos e entregar novas doa\u00e7\u00f5es de Santa Rosa.<\/p>\n\n\n\n<p>Assim que houve a ado\u00e7\u00e3o de Taquari, foi identificada a demanda de auxiliar na repara\u00e7\u00e3o da rede el\u00e9trica de duas escolas da cidade: EMEI Paulo Freire e EMEF Tim\u00f3theo. Essa primeira etapa da acolhida ao munic\u00edpio foi conclu\u00edda. Equipes de Santa Rosa refizeram toda a parte el\u00e9trica das escolas, al\u00e9m de outros servi\u00e7os de manuten\u00e7\u00e3o. A comunidade santa-rosense, a Casa da Amizade, assim como, outras institui\u00e7\u00f5es tamb\u00e9m contribu\u00edram com donativos. O projeto Volta ao Lar enviou doa\u00e7\u00f5es de ber\u00e7os e m\u00f3veis infantis para equipar a creche. De S\u00e3o Paulo, 4 carretas com diversos itens foram encaminhadas para o munic\u00edpio, com transporte de empresas de Santa Rosa. Dessa forma, foi poss\u00edvel retomar as aulas para mais de 200 alunos.<\/p>\n\n\n\n<p>Para auxiliar ainda mais as fam\u00edlias atingidas em Taquari, o Governo Municipal firmou o compromisso de ajudar na constru\u00e7\u00e3o de 20 casas no interior, onde diversas comunidades foram devastadas. Para essa miss\u00e3o, in\u00fameras empresas e institui\u00e7\u00f5es de Santa Rosa realizaram doa\u00e7\u00f5es (kits de materiais de constru\u00e7\u00e3o e recursos). Os valores arrecadados est\u00e3o sendo administrados pelo Rotary de Taquari que ir\u00e1 adquirir os itens restantes para os trabalhos nas resid\u00eancias. O vice-prefeito Aldemir, destacou a import\u00e2ncia da miss\u00e3o para a popula\u00e7\u00e3o taquariense, \u201cA comunidade est\u00e1 muito agradecida e o prefeito Andr\u00e9 Brito nos falou que al\u00e9m das doa\u00e7\u00f5es, o grande legado deixado est\u00e1 sendo o exemplo de ajuda e de agilidade do povo de Santa Rosa\u201d.<\/p>\n\n\n\n<p>A partir de agora, com as doa\u00e7\u00f5es enviadas de Santa Rosa e com o restante dos materiais que ser\u00e3o comprados com os recursos angariados, inicia a constru\u00e7\u00e3o das 20 casas no interior. A previs\u00e3o \u00e9 que as obras iniciem ainda nesta semana.<\/p>\n","protected":false},"excerpt":{"rendered":"<p>H\u00e1 20 dias que Santa Rosa adotou Taquari e muitos avan\u00e7os foram realizados. A comunidade se uniu nesta miss\u00e3o e<\/p>\n","protected":false},"author":6,"featured_media":10578,"comment_status":"closed","ping_status":"closed","sticky":false,"template":"","format":"standard","meta":{"footnotes":""},"categories":[4,15,9],"tags":[],"class_list":["post-10576","post","type-post","status-publish","format-standard","has-post-thumbnail","hentry","category-noticias","category-secretaria-municipal-de-comunicacao","category-gabinete-do-vice-prefeito"],"aioseo_notices":[],"_links":{"self":[{"href":"https:\/\/prefeitura.santarosa.rs.gov.br\/index.php?rest_route=\/wp\/v2\/posts\/10576","targetHints":{"allow":["GET"]}}],"collection":[{"href":"https:\/\/prefeitura.santarosa.rs.gov.br\/index.php?rest_route=\/wp\/v2\/posts"}],"about":[{"href":"https:\/\/prefeitura.santarosa.rs.gov.br\/index.php?rest_route=\/wp\/v2\/types\/post"}],"author":[{"embeddable":true,"href":"https:\/\/prefeitura.santarosa.rs.gov.br\/index.php?rest_route=\/wp\/v2\/users\/6"}],"replies":[{"embeddable":true,"href":"https:\/\/prefeitura.santarosa.rs.gov.br\/index.php?rest_route=%2Fwp%2Fv2%2Fcomments&post=10576"}],"version-history":[{"count":1,"href":"https:\/\/prefeitura.santarosa.rs.gov.br\/index.php?rest_route=\/wp\/v2\/posts\/10576\/revisions"}],"predecessor-version":[{"id":10579,"href":"https:\/\/prefeitura.santarosa.rs.gov.br\/index.php?rest_route=\/wp\/v2\/posts\/10576\/revisions\/10579"}],"wp:featuredmedia":[{"embeddable":true,"href":"https:\/\/prefeitura.santarosa.rs.gov.br\/index.php?rest_route=\/wp\/v2\/media\/10578"}],"wp:attachment":[{"href":"https:\/\/prefeitura.santarosa.rs.gov.br\/index.php?rest_route=%2Fwp%2Fv2%2Fmedia&parent=10576"}],"wp:term":[{"taxonomy":"category","embeddable":true,"href":"https:\/\/prefeitura.santarosa.rs.gov.br\/index.php?rest_route=%2Fwp%2Fv2%2Fcategories&post=10576"},{"taxonomy":"post_tag","embeddable":true,"href":"https:\/\/prefeitura.santarosa.rs.gov.br\/index.php?rest_route=%2Fwp%2Fv2%2Ftags&post=10576"}],"curies":[{"name":"wp","href":"https:\/\/api.w.org\/{rel}","templated":true}]}}