{"id":10571,"date":"2024-06-06T11:23:58","date_gmt":"2024-06-06T14:23:58","guid":{"rendered":"https:\/\/prefeitura.santarosa.rs.gov.br\/?p=10571"},"modified":"2024-10-07T09:51:06","modified_gmt":"2024-10-07T12:51:06","slug":"plano-de-mobilidade-urbana-e-apresentado-para-os-conselhos-municipais-de-desenvolvimento-sustentavel-e-de-transito","status":"publish","type":"post","link":"https:\/\/prefeitura.santarosa.rs.gov.br\/?p=10571","title":{"rendered":"<strong>Plano de Mobilidade Urbana \u00e9 apresentado para os Conselhos Municipais de Desenvolvimento Sustent\u00e1vel e de Tr\u00e2nsito<\/strong>"},"content":{"rendered":"\n<figure class=\"wp-block-image size-full\"><img fetchpriority=\"high\" decoding=\"async\" width=\"860\" height=\"645\" src=\"https:\/\/prefeitura.santarosa.rs.gov.br\/wp-content\/uploads\/2024\/06\/Formato-Site-e-Portal-860X645-JPG-2024-06-06T112250.197.jpg\" alt=\"\" class=\"wp-image-10572\" srcset=\"https:\/\/prefeitura.santarosa.rs.gov.br\/wp-content\/uploads\/2024\/06\/Formato-Site-e-Portal-860X645-JPG-2024-06-06T112250.197.jpg 860w, https:\/\/prefeitura.santarosa.rs.gov.br\/wp-content\/uploads\/2024\/06\/Formato-Site-e-Portal-860X645-JPG-2024-06-06T112250.197-300x225.jpg 300w, https:\/\/prefeitura.santarosa.rs.gov.br\/wp-content\/uploads\/2024\/06\/Formato-Site-e-Portal-860X645-JPG-2024-06-06T112250.197-768x576.jpg 768w\" sizes=\"(max-width: 860px) 100vw, 860px\" \/><\/figure>\n\n\n\n<p>A Prefeitura atrav\u00e9s da equipe t\u00e9cnica contratada da Fundatec, apresentou na tarde desta quarta-feira (05), o Estudo de Tr\u00e1fego e Plano de Mobilidade Urbana de Santa Rosa para os integrantes dos Conselhos Municipais de Desenvolvimento Sustent\u00e1vel e de Tr\u00e2nsito. O evento foi promovido pela Secretaria de Mobilidade Urbana e aconteceu no Audit\u00f3rio do Parque de Exposi\u00e7\u00f5es. Na oportunidade, os pesquisadores respons\u00e1veis pelo levantamento dos dados em campo, mostraram os diagn\u00f3sticos, pontos cr\u00edticos e poss\u00edveis solu\u00e7\u00f5es para o tr\u00e2nsito do munic\u00edpio.<\/p>\n\n\n\n<p>Durante a apresenta\u00e7\u00e3o, a arquiteta e urbanista, Ida Bianchi, da Fundatec, explanou sobre os mais de 30 pontos que foram vistoriados em Santa Rosa, durante os hor\u00e1rios de pico e demais hor\u00e1rios. Foram visualizados no mapa da cidade, os locais mais cr\u00edticos e que necessitam de interven\u00e7\u00e3o. O Secret\u00e1rio de Mobilidade Urbana, Mario Darci Parahyba, deu as boas-vindas aos presentes e ressaltou a import\u00e2ncia deste plano para a seguran\u00e7a e o bem-estar da popula\u00e7\u00e3o, \u201cSanta Rosa est\u00e1 em pleno desenvolvimento e precisamos estar preparados para receber e acompanhar todo este crescimento, com seguran\u00e7a no tr\u00e2nsito e com vias que possibilitem um fluxo \u00e1gil e tranquilo\u201d.<\/p>\n\n\n\n<p>Entre as alternativas demonstradas, est\u00e3o a cria\u00e7\u00e3o de bin\u00e1rios de tr\u00e2nsito (que transformam vias de m\u00e3o dupla, em vias de sentido \u00fanico), rotat\u00f3rias, complementa\u00e7\u00f5es de trecho e de liga\u00e7\u00e3o. Ap\u00f3s a palestra, houve um momento de perguntas e respostas, com a intera\u00e7\u00e3o dos integrantes de cada conselho que estava presente no local.<\/p>\n","protected":false},"excerpt":{"rendered":"<p>A Prefeitura atrav\u00e9s da equipe t\u00e9cnica contratada da Fundatec, apresentou na tarde desta quarta-feira (05), o Estudo de Tr\u00e1fego e<\/p>\n","protected":false},"author":6,"featured_media":10573,"comment_status":"closed","ping_status":"closed","sticky":false,"template":"","format":"standard","meta":{"footnotes":""},"categories":[4,27],"tags":[],"class_list":["post-10571","post","type-post","status-publish","format-standard","has-post-thumbnail","hentry","category-noticias","category-secretaria-municipal-de-mobilidade-urbana"],"aioseo_notices":[],"_links":{"self":[{"href":"https:\/\/prefeitura.santarosa.rs.gov.br\/index.php?rest_route=\/wp\/v2\/posts\/10571","targetHints":{"allow":["GET"]}}],"collection":[{"href":"https:\/\/prefeitura.santarosa.rs.gov.br\/index.php?rest_route=\/wp\/v2\/posts"}],"about":[{"href":"https:\/\/prefeitura.santarosa.rs.gov.br\/index.php?rest_route=\/wp\/v2\/types\/post"}],"author":[{"embeddable":true,"href":"https:\/\/prefeitura.santarosa.rs.gov.br\/index.php?rest_route=\/wp\/v2\/users\/6"}],"replies":[{"embeddable":true,"href":"https:\/\/prefeitura.santarosa.rs.gov.br\/index.php?rest_route=%2Fwp%2Fv2%2Fcomments&post=10571"}],"version-history":[{"count":1,"href":"https:\/\/prefeitura.santarosa.rs.gov.br\/index.php?rest_route=\/wp\/v2\/posts\/10571\/revisions"}],"predecessor-version":[{"id":10574,"href":"https:\/\/prefeitura.santarosa.rs.gov.br\/index.php?rest_route=\/wp\/v2\/posts\/10571\/revisions\/10574"}],"wp:featuredmedia":[{"embeddable":true,"href":"https:\/\/prefeitura.santarosa.rs.gov.br\/index.php?rest_route=\/wp\/v2\/media\/10573"}],"wp:attachment":[{"href":"https:\/\/prefeitura.santarosa.rs.gov.br\/index.php?rest_route=%2Fwp%2Fv2%2Fmedia&parent=10571"}],"wp:term":[{"taxonomy":"category","embeddable":true,"href":"https:\/\/prefeitura.santarosa.rs.gov.br\/index.php?rest_route=%2Fwp%2Fv2%2Fcategories&post=10571"},{"taxonomy":"post_tag","embeddable":true,"href":"https:\/\/prefeitura.santarosa.rs.gov.br\/index.php?rest_route=%2Fwp%2Fv2%2Ftags&post=10571"}],"curies":[{"name":"wp","href":"https:\/\/api.w.org\/{rel}","templated":true}]}}