{"id":10563,"date":"2024-06-05T11:35:31","date_gmt":"2024-06-05T14:35:31","guid":{"rendered":"https:\/\/prefeitura.santarosa.rs.gov.br\/?p=10563"},"modified":"2024-10-07T09:51:06","modified_gmt":"2024-10-07T12:51:06","slug":"santa-rosa-tem-7-unidades-de-saude-com-3o-turno","status":"publish","type":"post","link":"https:\/\/prefeitura.santarosa.rs.gov.br\/?p=10563","title":{"rendered":"<strong>Santa Rosa tem 7 Unidades de Sa\u00fade com 3\u00ba turno<\/strong>"},"content":{"rendered":"\n<p><em>UBS Timba\u00fava passa a integrar os locais que oferecem atendimento de noite<\/em><\/p>\n\n\n\n<figure class=\"wp-block-image size-full\"><img fetchpriority=\"high\" decoding=\"async\" width=\"860\" height=\"645\" src=\"https:\/\/prefeitura.santarosa.rs.gov.br\/wp-content\/uploads\/2024\/06\/Formato-Site-e-Portal-860X645-JPG-2024-06-05T113445.098.jpg\" alt=\"\" class=\"wp-image-10564\" srcset=\"https:\/\/prefeitura.santarosa.rs.gov.br\/wp-content\/uploads\/2024\/06\/Formato-Site-e-Portal-860X645-JPG-2024-06-05T113445.098.jpg 860w, https:\/\/prefeitura.santarosa.rs.gov.br\/wp-content\/uploads\/2024\/06\/Formato-Site-e-Portal-860X645-JPG-2024-06-05T113445.098-300x225.jpg 300w, https:\/\/prefeitura.santarosa.rs.gov.br\/wp-content\/uploads\/2024\/06\/Formato-Site-e-Portal-860X645-JPG-2024-06-05T113445.098-768x576.jpg 768w\" sizes=\"(max-width: 860px) 100vw, 860px\" \/><\/figure>\n\n\n\n<p>Mais sa\u00fade para os santa-rosenses e acesso facilitado para a popula\u00e7\u00e3o. O Governo Municipal tem ampliado muito o atendimento nas Unidades B\u00e1sicas de Sa\u00fade da cidade. Desde 2021, o munic\u00edpio conta com o 3\u00ba turno, que disponibiliza para a comunidade os servi\u00e7os do SUS na parte da noite. Nesta ter\u00e7a-feira (04), a UBS Timba\u00fava, que possui 4.964 usu\u00e1rios cadastrados, passou a integrar os locais que possuem o turno estendido. Com isso, Santa Rosa passa a ter 7 unidades funcionando at\u00e9 \u00e0s 21h.<\/p>\n\n\n\n<p>O 3\u00ba tuno era uma demanda antiga da popula\u00e7\u00e3o. A amplia\u00e7\u00e3o dos hor\u00e1rios foi organizada seguindo um planejamento baseado em dados t\u00e9cnicos, conforme as necessidades do munic\u00edpio. O prefeito Anderson Mantei, destaca que ter 6 unidades no turno da noite, foi uma promessa de campanha, \u201cEstamos cumprindo com o que prometemos, que \u00e9 promover mais acesso \u00e0 sa\u00fade, atendimento qualificado e humanizado. Oferecer para o trabalhador que n\u00e3o consegue consultar durante o hor\u00e1rio de servi\u00e7o, uma op\u00e7\u00e3o para a promo\u00e7\u00e3o da sa\u00fade. Al\u00e9m disso, nosso objetivo \u00e9 ampliar ainda mais o servi\u00e7o de noite\u201d. O prefeito destaca ainda, que toda essa amplia\u00e7\u00e3o do servi\u00e7o ocorreu com gest\u00e3o e readequa\u00e7\u00e3o de profissionais.<\/p>\n\n\n\n<p>As consultas realizadas no 3\u00ba turno s\u00e3o eletivas e devem ser agendadas previamente nos locais que possuem o servi\u00e7o dispon\u00edvel. O Presidente da FUMSSAR, D\u00e9lcio Stefan, ressalta que o objetivo \u00e9 ofertar um cuidado integral para os usu\u00e1rios do SUS, \u201cO 3\u00ba turno possui um cronograma di\u00e1rio, das 18h \u00e0s 21h, que inclui consultas m\u00e9dicas, solicita\u00e7\u00e3o de exames, acompanhamento de gestantes e companheiros, o pr\u00e9-natal do parceiro, atendimento de pacientes cr\u00f4nicos, consultas com dentista, enfermeiro, entre outras a\u00e7\u00f5es promovidas pela Funda\u00e7\u00e3o de Sa\u00fade. Enfim, tudo o que o paciente precisar, ele vai encontrar em um hor\u00e1rio diferenciado e de f\u00e1cil acesso\u201d.<\/p>\n\n\n\n<p>Al\u00e9m da UBS Timba\u00fava, outras seis unidades contam com atendimento de noite: UBS Esperan\u00e7a, UBS Auxiliadora, UBS Cruzeiro do Sul, UBS J\u00falio Oliveira, UBS Sulina e UBS Centro. De janeiro a maio deste ano, j\u00e1 foram realizados 2.824 atendimentos no 3\u00ba turno. Mais facilidade e comodidade para toda a popula\u00e7\u00e3o.<\/p>\n","protected":false},"excerpt":{"rendered":"<p>UBS Timba\u00fava passa a integrar os locais que oferecem atendimento de noite Mais sa\u00fade para os santa-rosenses e acesso facilitado<\/p>\n","protected":false},"author":6,"featured_media":10565,"comment_status":"closed","ping_status":"closed","sticky":false,"template":"","format":"standard","meta":{"footnotes":""},"categories":[4,8],"tags":[],"class_list":["post-10563","post","type-post","status-publish","format-standard","has-post-thumbnail","hentry","category-noticias","category-noticias-fumssar"],"aioseo_notices":[],"_links":{"self":[{"href":"https:\/\/prefeitura.santarosa.rs.gov.br\/index.php?rest_route=\/wp\/v2\/posts\/10563","targetHints":{"allow":["GET"]}}],"collection":[{"href":"https:\/\/prefeitura.santarosa.rs.gov.br\/index.php?rest_route=\/wp\/v2\/posts"}],"about":[{"href":"https:\/\/prefeitura.santarosa.rs.gov.br\/index.php?rest_route=\/wp\/v2\/types\/post"}],"author":[{"embeddable":true,"href":"https:\/\/prefeitura.santarosa.rs.gov.br\/index.php?rest_route=\/wp\/v2\/users\/6"}],"replies":[{"embeddable":true,"href":"https:\/\/prefeitura.santarosa.rs.gov.br\/index.php?rest_route=%2Fwp%2Fv2%2Fcomments&post=10563"}],"version-history":[{"count":1,"href":"https:\/\/prefeitura.santarosa.rs.gov.br\/index.php?rest_route=\/wp\/v2\/posts\/10563\/revisions"}],"predecessor-version":[{"id":10566,"href":"https:\/\/prefeitura.santarosa.rs.gov.br\/index.php?rest_route=\/wp\/v2\/posts\/10563\/revisions\/10566"}],"wp:featuredmedia":[{"embeddable":true,"href":"https:\/\/prefeitura.santarosa.rs.gov.br\/index.php?rest_route=\/wp\/v2\/media\/10565"}],"wp:attachment":[{"href":"https:\/\/prefeitura.santarosa.rs.gov.br\/index.php?rest_route=%2Fwp%2Fv2%2Fmedia&parent=10563"}],"wp:term":[{"taxonomy":"category","embeddable":true,"href":"https:\/\/prefeitura.santarosa.rs.gov.br\/index.php?rest_route=%2Fwp%2Fv2%2Fcategories&post=10563"},{"taxonomy":"post_tag","embeddable":true,"href":"https:\/\/prefeitura.santarosa.rs.gov.br\/index.php?rest_route=%2Fwp%2Fv2%2Ftags&post=10563"}],"curies":[{"name":"wp","href":"https:\/\/api.w.org\/{rel}","templated":true}]}}