{"id":10551,"date":"2024-06-04T10:50:29","date_gmt":"2024-06-04T13:50:29","guid":{"rendered":"https:\/\/prefeitura.santarosa.rs.gov.br\/?p=10551"},"modified":"2024-10-07T09:51:06","modified_gmt":"2024-10-07T12:51:06","slug":"concluida-a-1a-etapa-da-praca-da-esplanada","status":"publish","type":"post","link":"https:\/\/prefeitura.santarosa.rs.gov.br\/?p=10551","title":{"rendered":"<strong>Conclu\u00edda a 1\u00aa etapa da Pra\u00e7a da Esplanada<\/strong>"},"content":{"rendered":"\n<figure class=\"wp-block-image size-full\"><img fetchpriority=\"high\" decoding=\"async\" width=\"860\" height=\"645\" src=\"https:\/\/prefeitura.santarosa.rs.gov.br\/wp-content\/uploads\/2024\/06\/Formato-Site-e-Portal-860X645-JPG-2024-06-04T104648.024.jpg\" alt=\"\" class=\"wp-image-10552\" srcset=\"https:\/\/prefeitura.santarosa.rs.gov.br\/wp-content\/uploads\/2024\/06\/Formato-Site-e-Portal-860X645-JPG-2024-06-04T104648.024.jpg 860w, https:\/\/prefeitura.santarosa.rs.gov.br\/wp-content\/uploads\/2024\/06\/Formato-Site-e-Portal-860X645-JPG-2024-06-04T104648.024-300x225.jpg 300w, https:\/\/prefeitura.santarosa.rs.gov.br\/wp-content\/uploads\/2024\/06\/Formato-Site-e-Portal-860X645-JPG-2024-06-04T104648.024-768x576.jpg 768w\" sizes=\"(max-width: 860px) 100vw, 860px\" \/><\/figure>\n\n\n\n<p>O Governo Municipal concluiu a 1\u00aa etapa da constru\u00e7\u00e3o da Pra\u00e7a das Constela\u00e7\u00f5es na Esplanada, no bairro Cruzeiro. Os moradores da localidade agora podem contar com um novo espa\u00e7o para conviv\u00eancia, lazer e recrea\u00e7\u00e3o. O projeto contemplou a instala\u00e7\u00e3o de bancos, lixeiras e ilumina\u00e7\u00e3o em tecnologia LED. Al\u00e9m disso, foi realizada uma arboriza\u00e7\u00e3o ornamental. Mais de R$ 440 mil foram investidos na obra.<\/p>\n\n\n\n<p>A nova pra\u00e7a foi constru\u00edda com piso intertravado, piso de concreto e rampas de acessibilidade para os idosos e pessoas com defici\u00eancia. O Prefeito Anderson Mantei destaca que o objetivo da obra \u00e9 beneficiar toda a comunidade, \u201cTemos investido na constru\u00e7\u00e3o e revitaliza\u00e7\u00e3o de pra\u00e7as e outros espa\u00e7os p\u00fablicos de Santa Rosa. Queremos que as fam\u00edlias aproveitem toda essa infraestrutura e desfrutem de um ambiente de qualidade\u201d.<\/p>\n\n\n\n<p>A Pra\u00e7a da Esplanada fica localizada na Rua Judite Silveira dos Santos. Ao todo, foram investidos R$ 440.504,36 na obra, dos quais R$ 325.582,55 foram de recursos pr\u00f3prios e R$ 114.921,81 foram decorrentes de Emenda por Transfer\u00eancia Especial (do ano de 2022) de autoria do ent\u00e3o Deputado Federal, Jer\u00f4nimo Goergen. Al\u00e9m desta etapa, em breve, a Prefeitura vai iniciar a 2\u00aa fase do projeto. V\u00e3o ser instalados na pra\u00e7a, um playground e uma academia aberta.<\/p>\n","protected":false},"excerpt":{"rendered":"<p>O Governo Municipal concluiu a 1\u00aa etapa da constru\u00e7\u00e3o da Pra\u00e7a das Constela\u00e7\u00f5es na Esplanada, no bairro Cruzeiro. Os moradores<\/p>\n","protected":false},"author":6,"featured_media":10553,"comment_status":"closed","ping_status":"closed","sticky":false,"template":"","format":"standard","meta":{"footnotes":""},"categories":[4,22],"tags":[],"class_list":["post-10551","post","type-post","status-publish","format-standard","has-post-thumbnail","hentry","category-noticias","category-secretaria-municipal-de-planejamento-e-habitacao"],"aioseo_notices":[],"_links":{"self":[{"href":"https:\/\/prefeitura.santarosa.rs.gov.br\/index.php?rest_route=\/wp\/v2\/posts\/10551","targetHints":{"allow":["GET"]}}],"collection":[{"href":"https:\/\/prefeitura.santarosa.rs.gov.br\/index.php?rest_route=\/wp\/v2\/posts"}],"about":[{"href":"https:\/\/prefeitura.santarosa.rs.gov.br\/index.php?rest_route=\/wp\/v2\/types\/post"}],"author":[{"embeddable":true,"href":"https:\/\/prefeitura.santarosa.rs.gov.br\/index.php?rest_route=\/wp\/v2\/users\/6"}],"replies":[{"embeddable":true,"href":"https:\/\/prefeitura.santarosa.rs.gov.br\/index.php?rest_route=%2Fwp%2Fv2%2Fcomments&post=10551"}],"version-history":[{"count":1,"href":"https:\/\/prefeitura.santarosa.rs.gov.br\/index.php?rest_route=\/wp\/v2\/posts\/10551\/revisions"}],"predecessor-version":[{"id":10554,"href":"https:\/\/prefeitura.santarosa.rs.gov.br\/index.php?rest_route=\/wp\/v2\/posts\/10551\/revisions\/10554"}],"wp:featuredmedia":[{"embeddable":true,"href":"https:\/\/prefeitura.santarosa.rs.gov.br\/index.php?rest_route=\/wp\/v2\/media\/10553"}],"wp:attachment":[{"href":"https:\/\/prefeitura.santarosa.rs.gov.br\/index.php?rest_route=%2Fwp%2Fv2%2Fmedia&parent=10551"}],"wp:term":[{"taxonomy":"category","embeddable":true,"href":"https:\/\/prefeitura.santarosa.rs.gov.br\/index.php?rest_route=%2Fwp%2Fv2%2Fcategories&post=10551"},{"taxonomy":"post_tag","embeddable":true,"href":"https:\/\/prefeitura.santarosa.rs.gov.br\/index.php?rest_route=%2Fwp%2Fv2%2Ftags&post=10551"}],"curies":[{"name":"wp","href":"https:\/\/api.w.org\/{rel}","templated":true}]}}