{"id":10547,"date":"2024-06-04T09:44:36","date_gmt":"2024-06-04T12:44:36","guid":{"rendered":"https:\/\/prefeitura.santarosa.rs.gov.br\/?p=10547"},"modified":"2024-10-07T09:51:06","modified_gmt":"2024-10-07T12:51:06","slug":"provas-do-concurso-da-prefeitura-e-fumssar-vao-acontecer-no-final-de-semana","status":"publish","type":"post","link":"https:\/\/prefeitura.santarosa.rs.gov.br\/?p=10547","title":{"rendered":"<strong>Provas do Concurso da Prefeitura e FUMSSAR v\u00e3o acontecer no final de semana<\/strong>"},"content":{"rendered":"\n<figure class=\"wp-block-image size-full\"><img fetchpriority=\"high\" decoding=\"async\" width=\"860\" height=\"645\" src=\"https:\/\/prefeitura.santarosa.rs.gov.br\/wp-content\/uploads\/2024\/06\/Formato-Site-e-Portal-860X645-JPG-2024-06-04T094343.096.jpg\" alt=\"\" class=\"wp-image-10548\" srcset=\"https:\/\/prefeitura.santarosa.rs.gov.br\/wp-content\/uploads\/2024\/06\/Formato-Site-e-Portal-860X645-JPG-2024-06-04T094343.096.jpg 860w, https:\/\/prefeitura.santarosa.rs.gov.br\/wp-content\/uploads\/2024\/06\/Formato-Site-e-Portal-860X645-JPG-2024-06-04T094343.096-300x225.jpg 300w, https:\/\/prefeitura.santarosa.rs.gov.br\/wp-content\/uploads\/2024\/06\/Formato-Site-e-Portal-860X645-JPG-2024-06-04T094343.096-768x576.jpg 768w\" sizes=\"(max-width: 860px) 100vw, 860px\" \/><\/figure>\n\n\n\n<p>O Governo Municipal informa os locais e os hor\u00e1rios dos concursos da Funda\u00e7\u00e3o Municipal de Sa\u00fade de Santa Rosa e da Prefeitura. Conforme edital divulgado pela Fundatec, banca respons\u00e1vel pelos certames, ambas as provas v\u00e3o ser realizadas na Uniju\u00ed. O concurso da FUMSSAR vai acontecer no dia 08\/06, s\u00e1bado, no turno da tarde para todos os cargos (entrada dos candidatos das 14h \u00e0s 15h). No domingo, 09\/06, ser\u00e1 realizado o concurso da Prefeitura. Para os cargos de m\u00e9dico veterin\u00e1rio, orientador educacional, professor de artes, professor de educa\u00e7\u00e3o especial e zelador, as provas ser\u00e3o aplicadas no turno da manh\u00e3 (entrada dos candidatos: 08h \u00e0s 09h) e para os cargos de monitor e professor de educa\u00e7\u00e3o infantil, na parte da tarde (entrada dos candidatos: 14h \u00e0s 15h).<\/p>\n\n\n\n<p>No concurso da FUMSSAR, est\u00e3o previstas 15 vagas e a forma\u00e7\u00e3o de cadastro reserva para candidatos de n\u00edvel superior completo. A carga hor\u00e1ria semanal \u00e9 de 30h a 40h. Na Prefeitura, est\u00e3o sendo disponibilizadas 11 vagas imediatas mais forma\u00e7\u00e3o de cadastro reserva para 7 diferentes fun\u00e7\u00f5es. As oportunidades ser\u00e3o distribu\u00eddas em cargos de n\u00edveis fundamental, m\u00e9dio e superior, com sal\u00e1rios de at\u00e9 R$ 5.322,96.<\/p>\n\n\n\n<p>Mais informa\u00e7\u00f5es podem ser encontradas no site da Fundatec.<\/p>\n","protected":false},"excerpt":{"rendered":"<p>O Governo Municipal informa os locais e os hor\u00e1rios dos concursos da Funda\u00e7\u00e3o Municipal de Sa\u00fade de Santa Rosa e<\/p>\n","protected":false},"author":6,"featured_media":10549,"comment_status":"closed","ping_status":"closed","sticky":false,"template":"","format":"standard","meta":{"footnotes":""},"categories":[4,8,15],"tags":[],"class_list":["post-10547","post","type-post","status-publish","format-standard","has-post-thumbnail","hentry","category-noticias","category-noticias-fumssar","category-secretaria-municipal-de-comunicacao"],"aioseo_notices":[],"_links":{"self":[{"href":"https:\/\/prefeitura.santarosa.rs.gov.br\/index.php?rest_route=\/wp\/v2\/posts\/10547","targetHints":{"allow":["GET"]}}],"collection":[{"href":"https:\/\/prefeitura.santarosa.rs.gov.br\/index.php?rest_route=\/wp\/v2\/posts"}],"about":[{"href":"https:\/\/prefeitura.santarosa.rs.gov.br\/index.php?rest_route=\/wp\/v2\/types\/post"}],"author":[{"embeddable":true,"href":"https:\/\/prefeitura.santarosa.rs.gov.br\/index.php?rest_route=\/wp\/v2\/users\/6"}],"replies":[{"embeddable":true,"href":"https:\/\/prefeitura.santarosa.rs.gov.br\/index.php?rest_route=%2Fwp%2Fv2%2Fcomments&post=10547"}],"version-history":[{"count":1,"href":"https:\/\/prefeitura.santarosa.rs.gov.br\/index.php?rest_route=\/wp\/v2\/posts\/10547\/revisions"}],"predecessor-version":[{"id":10550,"href":"https:\/\/prefeitura.santarosa.rs.gov.br\/index.php?rest_route=\/wp\/v2\/posts\/10547\/revisions\/10550"}],"wp:featuredmedia":[{"embeddable":true,"href":"https:\/\/prefeitura.santarosa.rs.gov.br\/index.php?rest_route=\/wp\/v2\/media\/10549"}],"wp:attachment":[{"href":"https:\/\/prefeitura.santarosa.rs.gov.br\/index.php?rest_route=%2Fwp%2Fv2%2Fmedia&parent=10547"}],"wp:term":[{"taxonomy":"category","embeddable":true,"href":"https:\/\/prefeitura.santarosa.rs.gov.br\/index.php?rest_route=%2Fwp%2Fv2%2Fcategories&post=10547"},{"taxonomy":"post_tag","embeddable":true,"href":"https:\/\/prefeitura.santarosa.rs.gov.br\/index.php?rest_route=%2Fwp%2Fv2%2Ftags&post=10547"}],"curies":[{"name":"wp","href":"https:\/\/api.w.org\/{rel}","templated":true}]}}