{"id":10543,"date":"2024-06-04T08:39:54","date_gmt":"2024-06-04T11:39:54","guid":{"rendered":"https:\/\/prefeitura.santarosa.rs.gov.br\/?p=10543"},"modified":"2024-10-07T09:51:06","modified_gmt":"2024-10-07T12:51:06","slug":"obra-da-etapa-iii-do-tape-pora-esta-60-concluida","status":"publish","type":"post","link":"https:\/\/prefeitura.santarosa.rs.gov.br\/?p=10543","title":{"rendered":"<strong>Obra da etapa III do Tape Por\u00e3 est\u00e1 60% conclu\u00edda<\/strong>"},"content":{"rendered":"\n<figure class=\"wp-block-image size-full\"><img fetchpriority=\"high\" decoding=\"async\" width=\"860\" height=\"645\" src=\"https:\/\/prefeitura.santarosa.rs.gov.br\/wp-content\/uploads\/2024\/06\/Formato-Site-e-Portal-860X645-JPG-2024-06-04T083913.111.jpg\" alt=\"\" class=\"wp-image-10544\" srcset=\"https:\/\/prefeitura.santarosa.rs.gov.br\/wp-content\/uploads\/2024\/06\/Formato-Site-e-Portal-860X645-JPG-2024-06-04T083913.111.jpg 860w, https:\/\/prefeitura.santarosa.rs.gov.br\/wp-content\/uploads\/2024\/06\/Formato-Site-e-Portal-860X645-JPG-2024-06-04T083913.111-300x225.jpg 300w, https:\/\/prefeitura.santarosa.rs.gov.br\/wp-content\/uploads\/2024\/06\/Formato-Site-e-Portal-860X645-JPG-2024-06-04T083913.111-768x576.jpg 768w\" sizes=\"(max-width: 860px) 100vw, 860px\" \/><\/figure>\n\n\n\n<p>Um dos espa\u00e7os p\u00fablicos mais frequentado pelos santa-rosenses est\u00e1 sendo ampliado pelo Governo Municipal. A etapa III do Parque Linear Tape Por\u00e3 j\u00e1 conta com 60% da obra conclu\u00edda. As melhorias v\u00e3o da Vila Beatriz at\u00e9 a Vila Oliveira. Mais de R$ 1,2 milh\u00e3o de recursos do munic\u00edpio est\u00e3o sendo investidos no local. A obra deve ser entregue para a comunidade at\u00e9 julho deste ano.<\/p>\n\n\n\n<p>O projeto contempla a amplia\u00e7\u00e3o de 460 metros, uma \u00e1rea total de 10.889,03 m\u00b2. No momento, as equipes que atuam no local, est\u00e3o finalizando o reboco de muretas e o plantio da grama. Al\u00e9m disso, v\u00e3o ser conclu\u00eddos os servi\u00e7os das instala\u00e7\u00f5es el\u00e9tricas e ilumina\u00e7\u00e3o, pintura das alvenarias, instala\u00e7\u00e3o de corrim\u00e3o, bancos e lixeiras e a pintura do piso. O vice-prefeito, Aldemir Ulrich e o diretor de Planejamento Urbano, Lu\u00eds Fernando Marzari, vistoriaram o andamento da obra, \u201cO Tape Por\u00e3 \u00e9 um importante local de encontro das fam\u00edlias, um ambiente agrad\u00e1vel e que agora, recebe esta amplia\u00e7\u00e3o. Mais um investimento em espa\u00e7o p\u00fablico para a comunidade. Como fizemos no Parc\u00e3o, no Parque de Exposi\u00e7\u00f5es e em tantas outras pra\u00e7as\u201d, destacou Aldemir.<\/p>\n\n\n\n<p>A inten\u00e7\u00e3o do Governo Municipal \u00e9 de, em breve, ampliar ainda mais a \u00e1rea do Tape Por\u00e3, com o in\u00edcio da etapa IV que vai passar a ser o in\u00edcio do parque (da Rua Osmar Trommenschlager at\u00e9 o 19\u00ba RC Mec). Com a etapa IV, o Tape Por\u00e3 ter\u00e1 um comprimento total de 1.900 metros lineares e a ciclovia ser\u00e1 deslocada da Av. Expedicion\u00e1rio Weber para dentro do parque.<\/p>\n","protected":false},"excerpt":{"rendered":"<p>Um dos espa\u00e7os p\u00fablicos mais frequentado pelos santa-rosenses est\u00e1 sendo ampliado pelo Governo Municipal. A etapa III do Parque Linear<\/p>\n","protected":false},"author":6,"featured_media":10545,"comment_status":"closed","ping_status":"closed","sticky":false,"template":"","format":"standard","meta":{"footnotes":""},"categories":[4,22],"tags":[],"class_list":["post-10543","post","type-post","status-publish","format-standard","has-post-thumbnail","hentry","category-noticias","category-secretaria-municipal-de-planejamento-e-habitacao"],"aioseo_notices":[],"_links":{"self":[{"href":"https:\/\/prefeitura.santarosa.rs.gov.br\/index.php?rest_route=\/wp\/v2\/posts\/10543","targetHints":{"allow":["GET"]}}],"collection":[{"href":"https:\/\/prefeitura.santarosa.rs.gov.br\/index.php?rest_route=\/wp\/v2\/posts"}],"about":[{"href":"https:\/\/prefeitura.santarosa.rs.gov.br\/index.php?rest_route=\/wp\/v2\/types\/post"}],"author":[{"embeddable":true,"href":"https:\/\/prefeitura.santarosa.rs.gov.br\/index.php?rest_route=\/wp\/v2\/users\/6"}],"replies":[{"embeddable":true,"href":"https:\/\/prefeitura.santarosa.rs.gov.br\/index.php?rest_route=%2Fwp%2Fv2%2Fcomments&post=10543"}],"version-history":[{"count":1,"href":"https:\/\/prefeitura.santarosa.rs.gov.br\/index.php?rest_route=\/wp\/v2\/posts\/10543\/revisions"}],"predecessor-version":[{"id":10546,"href":"https:\/\/prefeitura.santarosa.rs.gov.br\/index.php?rest_route=\/wp\/v2\/posts\/10543\/revisions\/10546"}],"wp:featuredmedia":[{"embeddable":true,"href":"https:\/\/prefeitura.santarosa.rs.gov.br\/index.php?rest_route=\/wp\/v2\/media\/10545"}],"wp:attachment":[{"href":"https:\/\/prefeitura.santarosa.rs.gov.br\/index.php?rest_route=%2Fwp%2Fv2%2Fmedia&parent=10543"}],"wp:term":[{"taxonomy":"category","embeddable":true,"href":"https:\/\/prefeitura.santarosa.rs.gov.br\/index.php?rest_route=%2Fwp%2Fv2%2Fcategories&post=10543"},{"taxonomy":"post_tag","embeddable":true,"href":"https:\/\/prefeitura.santarosa.rs.gov.br\/index.php?rest_route=%2Fwp%2Fv2%2Ftags&post=10543"}],"curies":[{"name":"wp","href":"https:\/\/api.w.org\/{rel}","templated":true}]}}