{"id":10539,"date":"2024-06-03T16:57:43","date_gmt":"2024-06-03T19:57:43","guid":{"rendered":"https:\/\/prefeitura.santarosa.rs.gov.br\/?p=10539"},"modified":"2024-10-07T09:51:06","modified_gmt":"2024-10-07T12:51:06","slug":"mais-de-80-da-cidade-esta-com-nova-iluminacao-de-led","status":"publish","type":"post","link":"https:\/\/prefeitura.santarosa.rs.gov.br\/?p=10539","title":{"rendered":"<strong>Mais de 80% da cidade est\u00e1 com nova ilumina\u00e7\u00e3o de LED<\/strong>"},"content":{"rendered":"\n<figure class=\"wp-block-image size-full\"><img fetchpriority=\"high\" decoding=\"async\" width=\"860\" height=\"645\" src=\"https:\/\/prefeitura.santarosa.rs.gov.br\/wp-content\/uploads\/2024\/06\/Formato-Site-e-Portal-860X645-JPG-2024-06-03T165658.579.jpg\" alt=\"\" class=\"wp-image-10540\" srcset=\"https:\/\/prefeitura.santarosa.rs.gov.br\/wp-content\/uploads\/2024\/06\/Formato-Site-e-Portal-860X645-JPG-2024-06-03T165658.579.jpg 860w, https:\/\/prefeitura.santarosa.rs.gov.br\/wp-content\/uploads\/2024\/06\/Formato-Site-e-Portal-860X645-JPG-2024-06-03T165658.579-300x225.jpg 300w, https:\/\/prefeitura.santarosa.rs.gov.br\/wp-content\/uploads\/2024\/06\/Formato-Site-e-Portal-860X645-JPG-2024-06-03T165658.579-768x576.jpg 768w\" sizes=\"(max-width: 860px) 100vw, 860px\" \/><\/figure>\n\n\n\n<p>O servi\u00e7o de troca da ilumina\u00e7\u00e3o p\u00fablica do munic\u00edpio est\u00e1 avan\u00e7ando. Mais de 80% da cidade j\u00e1 foi atendida com a substitui\u00e7\u00e3o de l\u00e2mpadas com a tecnologia LED. Esta \u00e9 uma das principais a\u00e7\u00f5es do Governo Municipal e que vai proporcionar mais seguran\u00e7a e infraestrutura para Santa Rosa. A mudan\u00e7a \u00e9 significativa se compararmos o antes e o depois. Est\u00e3o sendo investidos no projeto R$ 15 milh\u00f5es.<\/p>\n\n\n\n<p>O principal objetivo desta grande a\u00e7\u00e3o, al\u00e9m de qualificar a qualidade da ilumina\u00e7\u00e3o p\u00fablica e trazer mais seguran\u00e7a, \u00e9 padronizar as lumin\u00e1rias e gerar mais economia para a Prefeitura. O vice-prefeito Aldemir Ulrich, que acompanha o andamento do servi\u00e7o, ressalta que todas as ruas ser\u00e3o contempladas com as melhorias, \u201cO trabalho est\u00e1 avan\u00e7ando e em breve j\u00e1 teremos toda a cidade com uma ilumina\u00e7\u00e3o nova. Este \u00e9 um grande investimento para Santa Rosa e que vai contribuir significativamente com a qualidade de vida de toda a popula\u00e7\u00e3o\u201d.<\/p>\n\n\n\n<p>No momento, as equipes trabalham nas trocas no bairro Central. A cidade e o interior v\u00e3o receber nova ilumina\u00e7\u00e3o p\u00fablica. As novas lumin\u00e1rias agora padronizadas, ter\u00e3o f\u00e1cil manuten\u00e7\u00e3o e menor taxa de dano. Com esta altera\u00e7\u00e3o, o munic\u00edpio vai obter uma economia de at\u00e9 50% na conta de energia. Ao todo, ser\u00e3o trocadas 11.364 l\u00e2mpadas (10.206 da RGE + 1.158 da Cooperluz).<\/p>\n","protected":false},"excerpt":{"rendered":"<p>O servi\u00e7o de troca da ilumina\u00e7\u00e3o p\u00fablica do munic\u00edpio est\u00e1 avan\u00e7ando. Mais de 80% da cidade j\u00e1 foi atendida com<\/p>\n","protected":false},"author":6,"featured_media":10541,"comment_status":"closed","ping_status":"closed","sticky":false,"template":"","format":"standard","meta":{"footnotes":""},"categories":[4,22],"tags":[],"class_list":["post-10539","post","type-post","status-publish","format-standard","has-post-thumbnail","hentry","category-noticias","category-secretaria-municipal-de-planejamento-e-habitacao"],"aioseo_notices":[],"_links":{"self":[{"href":"https:\/\/prefeitura.santarosa.rs.gov.br\/index.php?rest_route=\/wp\/v2\/posts\/10539","targetHints":{"allow":["GET"]}}],"collection":[{"href":"https:\/\/prefeitura.santarosa.rs.gov.br\/index.php?rest_route=\/wp\/v2\/posts"}],"about":[{"href":"https:\/\/prefeitura.santarosa.rs.gov.br\/index.php?rest_route=\/wp\/v2\/types\/post"}],"author":[{"embeddable":true,"href":"https:\/\/prefeitura.santarosa.rs.gov.br\/index.php?rest_route=\/wp\/v2\/users\/6"}],"replies":[{"embeddable":true,"href":"https:\/\/prefeitura.santarosa.rs.gov.br\/index.php?rest_route=%2Fwp%2Fv2%2Fcomments&post=10539"}],"version-history":[{"count":1,"href":"https:\/\/prefeitura.santarosa.rs.gov.br\/index.php?rest_route=\/wp\/v2\/posts\/10539\/revisions"}],"predecessor-version":[{"id":10542,"href":"https:\/\/prefeitura.santarosa.rs.gov.br\/index.php?rest_route=\/wp\/v2\/posts\/10539\/revisions\/10542"}],"wp:featuredmedia":[{"embeddable":true,"href":"https:\/\/prefeitura.santarosa.rs.gov.br\/index.php?rest_route=\/wp\/v2\/media\/10541"}],"wp:attachment":[{"href":"https:\/\/prefeitura.santarosa.rs.gov.br\/index.php?rest_route=%2Fwp%2Fv2%2Fmedia&parent=10539"}],"wp:term":[{"taxonomy":"category","embeddable":true,"href":"https:\/\/prefeitura.santarosa.rs.gov.br\/index.php?rest_route=%2Fwp%2Fv2%2Fcategories&post=10539"},{"taxonomy":"post_tag","embeddable":true,"href":"https:\/\/prefeitura.santarosa.rs.gov.br\/index.php?rest_route=%2Fwp%2Fv2%2Ftags&post=10539"}],"curies":[{"name":"wp","href":"https:\/\/api.w.org\/{rel}","templated":true}]}}