{"id":10533,"date":"2024-06-03T13:59:57","date_gmt":"2024-06-03T16:59:57","guid":{"rendered":"https:\/\/prefeitura.santarosa.rs.gov.br\/?p=10533"},"modified":"2024-10-07T09:51:06","modified_gmt":"2024-10-07T12:51:06","slug":"prefeitura-amplia-av-pedro-schwertz","status":"publish","type":"post","link":"https:\/\/prefeitura.santarosa.rs.gov.br\/?p=10533","title":{"rendered":"<strong>Prefeitura amplia Av. Pedro Schwertz<\/strong>"},"content":{"rendered":"\n<figure class=\"wp-block-image size-full\"><img fetchpriority=\"high\" decoding=\"async\" width=\"860\" height=\"645\" src=\"https:\/\/prefeitura.santarosa.rs.gov.br\/wp-content\/uploads\/2024\/06\/Formato-Site-e-Portal-860X645-JPG-2024-06-03T135732.617.jpg\" alt=\"\" class=\"wp-image-10534\" srcset=\"https:\/\/prefeitura.santarosa.rs.gov.br\/wp-content\/uploads\/2024\/06\/Formato-Site-e-Portal-860X645-JPG-2024-06-03T135732.617.jpg 860w, https:\/\/prefeitura.santarosa.rs.gov.br\/wp-content\/uploads\/2024\/06\/Formato-Site-e-Portal-860X645-JPG-2024-06-03T135732.617-300x225.jpg 300w, https:\/\/prefeitura.santarosa.rs.gov.br\/wp-content\/uploads\/2024\/06\/Formato-Site-e-Portal-860X645-JPG-2024-06-03T135732.617-768x576.jpg 768w\" sizes=\"(max-width: 860px) 100vw, 860px\" \/><\/figure>\n\n\n\n<p>O prefeito Anderson Mantei autorizou o in\u00edcio da obra de execu\u00e7\u00e3o de segunda via, asfalto e drenagem da Avenida Pedro Schwertz, no bairro Cruzeiro, na continuidade da Av. Am\u00e9rica. Essa \u00e9 uma importante via de acesso para uma das entradas da cidade. As melhorias realizadas v\u00e3o facilitar o tr\u00e1fego de ve\u00edculos e auxiliar na mobilidade urbana.<\/p>\n\n\n\n<p>Para avan\u00e7ar com essa amplia\u00e7\u00e3o, a Prefeitura realizou a desapropria\u00e7\u00e3o e aquisi\u00e7\u00e3o de 6 lotes (1.047,58 m\u00b2), atrav\u00e9s de um investimento do munic\u00edpio de mais de R$ 1,2 milh\u00e3o. Valor este das economias realizadas pela gest\u00e3o. Com esta obra, a avenida vai passar a ter duas vias para cada sentido da pista. O prefeito Anderson Mantei, destacou que essa era uma antiga demanda e que o local h\u00e1 tempo precisava ser ampliado, pois \u00e9 uma via que possui um grande fluxo de ve\u00edculos, \u201cEsta avenida \u00e9 muito importante n\u00e3o s\u00f3 para quem mora no bairro, mas tamb\u00e9m para quem entra na cidade. Estamos realizando muitas obras de infraestrutura e todos os bairros est\u00e3o recebendo melhorias\u201d.<\/p>\n\n\n\n<p>O projeto vai contemplar asfalto e drenagem em uma \u00e1rea de 2.346,91 m\u00b2, entre a Rua Oeste e a Rua Norte. Al\u00e9m disso, ser\u00e3o realizados os servi\u00e7os complementares de escava\u00e7\u00e3o, execu\u00e7\u00e3o de sub-base e base com brita graduada, execu\u00e7\u00e3o de passeio, rampas de acessibilidade e sinaliza\u00e7\u00e3o horizontal e vertical. Um investimento de mais de 725 mil. O prazo de execu\u00e7\u00e3o ser\u00e1 de 120 dias corridos, conforme o contrato. Participaram do ato de assinatura, o vice-prefeito Aldemir Ulrich, a Diretora de Capta\u00e7\u00e3o e Recursos, Caliandra Perini, o Engenheiro Fiscal, Maur\u00edcio Lenz e o representante da empresa respons\u00e1vel por executar o servi\u00e7o.<\/p>\n\n\n\n<figure class=\"wp-block-gallery columns-2 is-cropped wp-block-gallery-1 is-layout-flex wp-block-gallery-is-layout-flex\"><ul class=\"blocks-gallery-grid\"><li class=\"blocks-gallery-item\"><figure><img decoding=\"async\" width=\"1024\" height=\"576\" src=\"https:\/\/prefeitura.santarosa.rs.gov.br\/wp-content\/uploads\/2024\/06\/Av.-Pedro-Schwertz-1024x576.jpeg\" alt=\"\" data-id=\"10536\" class=\"wp-image-10536\" srcset=\"https:\/\/prefeitura.santarosa.rs.gov.br\/wp-content\/uploads\/2024\/06\/Av.-Pedro-Schwertz-1024x576.jpeg 1024w, https:\/\/prefeitura.santarosa.rs.gov.br\/wp-content\/uploads\/2024\/06\/Av.-Pedro-Schwertz-300x169.jpeg 300w, https:\/\/prefeitura.santarosa.rs.gov.br\/wp-content\/uploads\/2024\/06\/Av.-Pedro-Schwertz-768x432.jpeg 768w, https:\/\/prefeitura.santarosa.rs.gov.br\/wp-content\/uploads\/2024\/06\/Av.-Pedro-Schwertz.jpeg 1280w\" sizes=\"(max-width: 1024px) 100vw, 1024px\" \/><\/figure><\/li><li class=\"blocks-gallery-item\"><figure><img decoding=\"async\" width=\"1024\" height=\"768\" src=\"https:\/\/prefeitura.santarosa.rs.gov.br\/wp-content\/uploads\/2024\/06\/desapropriacao-cruzeiro-2-1024x768.jpeg\" alt=\"\" data-id=\"10537\" data-full-url=\"https:\/\/prefeitura.santarosa.rs.gov.br\/wp-content\/uploads\/2024\/06\/desapropriacao-cruzeiro-2-scaled.jpeg\" data-link=\"https:\/\/prefeitura.santarosa.rs.gov.br\/?attachment_id=10537\" class=\"wp-image-10537\" srcset=\"https:\/\/prefeitura.santarosa.rs.gov.br\/wp-content\/uploads\/2024\/06\/desapropriacao-cruzeiro-2-1024x768.jpeg 1024w, https:\/\/prefeitura.santarosa.rs.gov.br\/wp-content\/uploads\/2024\/06\/desapropriacao-cruzeiro-2-300x225.jpeg 300w, https:\/\/prefeitura.santarosa.rs.gov.br\/wp-content\/uploads\/2024\/06\/desapropriacao-cruzeiro-2-768x576.jpeg 768w, https:\/\/prefeitura.santarosa.rs.gov.br\/wp-content\/uploads\/2024\/06\/desapropriacao-cruzeiro-2-1536x1152.jpeg 1536w, https:\/\/prefeitura.santarosa.rs.gov.br\/wp-content\/uploads\/2024\/06\/desapropriacao-cruzeiro-2-2048x1536.jpeg 2048w\" sizes=\"(max-width: 1024px) 100vw, 1024px\" \/><\/figure><\/li><\/ul><\/figure>\n","protected":false},"excerpt":{"rendered":"<p>O prefeito Anderson Mantei autorizou o in\u00edcio da obra de execu\u00e7\u00e3o de segunda via, asfalto e drenagem da Avenida Pedro<\/p>\n","protected":false},"author":6,"featured_media":10535,"comment_status":"closed","ping_status":"closed","sticky":false,"template":"","format":"standard","meta":{"footnotes":""},"categories":[4,22],"tags":[],"class_list":["post-10533","post","type-post","status-publish","format-standard","has-post-thumbnail","hentry","category-noticias","category-secretaria-municipal-de-planejamento-e-habitacao"],"aioseo_notices":[],"_links":{"self":[{"href":"https:\/\/prefeitura.santarosa.rs.gov.br\/index.php?rest_route=\/wp\/v2\/posts\/10533","targetHints":{"allow":["GET"]}}],"collection":[{"href":"https:\/\/prefeitura.santarosa.rs.gov.br\/index.php?rest_route=\/wp\/v2\/posts"}],"about":[{"href":"https:\/\/prefeitura.santarosa.rs.gov.br\/index.php?rest_route=\/wp\/v2\/types\/post"}],"author":[{"embeddable":true,"href":"https:\/\/prefeitura.santarosa.rs.gov.br\/index.php?rest_route=\/wp\/v2\/users\/6"}],"replies":[{"embeddable":true,"href":"https:\/\/prefeitura.santarosa.rs.gov.br\/index.php?rest_route=%2Fwp%2Fv2%2Fcomments&post=10533"}],"version-history":[{"count":1,"href":"https:\/\/prefeitura.santarosa.rs.gov.br\/index.php?rest_route=\/wp\/v2\/posts\/10533\/revisions"}],"predecessor-version":[{"id":10538,"href":"https:\/\/prefeitura.santarosa.rs.gov.br\/index.php?rest_route=\/wp\/v2\/posts\/10533\/revisions\/10538"}],"wp:featuredmedia":[{"embeddable":true,"href":"https:\/\/prefeitura.santarosa.rs.gov.br\/index.php?rest_route=\/wp\/v2\/media\/10535"}],"wp:attachment":[{"href":"https:\/\/prefeitura.santarosa.rs.gov.br\/index.php?rest_route=%2Fwp%2Fv2%2Fmedia&parent=10533"}],"wp:term":[{"taxonomy":"category","embeddable":true,"href":"https:\/\/prefeitura.santarosa.rs.gov.br\/index.php?rest_route=%2Fwp%2Fv2%2Fcategories&post=10533"},{"taxonomy":"post_tag","embeddable":true,"href":"https:\/\/prefeitura.santarosa.rs.gov.br\/index.php?rest_route=%2Fwp%2Fv2%2Ftags&post=10533"}],"curies":[{"name":"wp","href":"https:\/\/api.w.org\/{rel}","templated":true}]}}