{"id":10524,"date":"2024-05-31T11:44:38","date_gmt":"2024-05-31T14:44:38","guid":{"rendered":"https:\/\/prefeitura.santarosa.rs.gov.br\/?p=10524"},"modified":"2024-10-07T09:51:06","modified_gmt":"2024-10-07T12:51:06","slug":"garantido-recurso-para-a-ampliacao-do-aeroporto-de-santa-rosa","status":"publish","type":"post","link":"https:\/\/prefeitura.santarosa.rs.gov.br\/?p=10524","title":{"rendered":"<strong>Garantido recurso para a amplia\u00e7\u00e3o do aeroporto de Santa Rosa<\/strong>"},"content":{"rendered":"\n<figure class=\"wp-block-image size-full\"><img fetchpriority=\"high\" decoding=\"async\" width=\"860\" height=\"645\" src=\"https:\/\/prefeitura.santarosa.rs.gov.br\/wp-content\/uploads\/2024\/05\/Formato-Site-e-Portal-860X645-JPG-2024-05-31T114116.708-1.jpg\" alt=\"\" class=\"wp-image-10527\" srcset=\"https:\/\/prefeitura.santarosa.rs.gov.br\/wp-content\/uploads\/2024\/05\/Formato-Site-e-Portal-860X645-JPG-2024-05-31T114116.708-1.jpg 860w, https:\/\/prefeitura.santarosa.rs.gov.br\/wp-content\/uploads\/2024\/05\/Formato-Site-e-Portal-860X645-JPG-2024-05-31T114116.708-1-300x225.jpg 300w, https:\/\/prefeitura.santarosa.rs.gov.br\/wp-content\/uploads\/2024\/05\/Formato-Site-e-Portal-860X645-JPG-2024-05-31T114116.708-1-768x576.jpg 768w\" sizes=\"(max-width: 860px) 100vw, 860px\" \/><\/figure>\n\n\n\n<p>A amplia\u00e7\u00e3o do Aeroporto Municipal &#8211; Lu\u00eds Alberto Lehr \u00e9 uma das grandes metas da atual Administra\u00e7\u00e3o. Essa pauta tem sido prioridade desde os primeiros dias de governo. Na ter\u00e7a-feira (28), a C\u00e2mara dos Deputados derrubou o veto presidencial ao projeto de amplia\u00e7\u00e3o, reforma e aparelhamento do Aeroporto de Santa Rosa. Por 421 votos favor\u00e1veis, 44 contr\u00e1rios e uma absten\u00e7\u00e3o foi derrubado o veto. Com esta a\u00e7\u00e3o, fica garantido para Santa Rosa, um recurso federal de R$ 15 milh\u00f5es para a obra. O restante do valor est\u00e1 sendo buscado atrav\u00e9s de novas emendas parlamentares (individuais e de bancada) e de recursos pr\u00f3prios da Prefeitura.<\/p>\n\n\n\n<p>O Governo Municipal segue dando sequ\u00eancia no projeto de amplia\u00e7\u00e3o que neste momento, aguarda a libera\u00e7\u00e3o da Secretaria de Avia\u00e7\u00e3o Civil (SAC), para seguir com o novo processo de licita\u00e7\u00e3o. A obra est\u00e1 avaliada em mais de R$ 47 milh\u00f5es. O Prefeito Anderson Mantei, destacou os avan\u00e7os que j\u00e1 foram realizados at\u00e9 aqui, entre eles, a aquisi\u00e7\u00e3o de 37 hectares para a amplia\u00e7\u00e3o do aeroporto, que teve um investimento do munic\u00edpio de mais de R$ 7 milh\u00f5es. Valor este das economias realizadas pela gest\u00e3o, \u201cEste \u00e9 um grande projeto que a regi\u00e3o vem buscando h\u00e1 muito tempo e que desde o in\u00edcio da nossa gest\u00e3o, conseguimos avan\u00e7ar com alguns passos muito importantes, desde a desapropria\u00e7\u00e3o da \u00e1rea ao redor do aeroporto, a libera\u00e7\u00e3o da licen\u00e7a ambiental e a confirma\u00e7\u00e3o da aprova\u00e7\u00e3o do projeto t\u00e9cnico para realizar a obra. Acreditamos e estamos trabalhando pelo crescimento de Santa Rosa e o aeroporto \u00e9 fundamental para que possamos seguir evoluindo. Com certeza, esta vai ser a maior obra p\u00fablica j\u00e1 realizada no munic\u00edpio\u201d.<\/p>\n\n\n\n<p>Anderson refor\u00e7ou tamb\u00e9m, que essa sempre foi uma pauta muito trabalhada pelo Deputado Federal Osmar Terra, que j\u00e1 realizou importantes articula\u00e7\u00f5es para a viabilidade dessa amplia\u00e7\u00e3o, \u201cTerra tem sido uma figura fundamental para que este nosso sonho do aeroporto se torne realidade. Gra\u00e7as ao empenho e a dedica\u00e7\u00e3o dele, que tem trazido importantes recursos para Santa Rosa e sido um parceiro deste importante projeto, estamos conseguindo realizar os avan\u00e7os necess\u00e1rios para a amplia\u00e7\u00e3o do nosso aeroporto\u201d.<\/p>\n\n\n\n<p>Ap\u00f3s conclu\u00eddas as obras previstas, o Aeroporto Lu\u00eds Alberto Lehr vai estar autorizado para receber avi\u00f5es de at\u00e9 150 passageiros. O projeto foi desenvolvido para que as aeronaves consigam sair daqui e voar at\u00e9 600 milhas n\u00e1uticas, o que vai possibilitar voos diretos at\u00e9 Curitiba, S\u00e3o Paulo e Campo Grande, por exemplo. Entre as melhorias, est\u00e1 a amplia\u00e7\u00e3o da pista de pouso e decolagem. O local que atualmente \u00e9 de 1.200 metros, vai passar para 1.630 metros, al\u00e9m de mais 120 metros de \u00e1reas de seguran\u00e7a pavimentadas (blast pads) e 180 metros de \u00e1rea de seguran\u00e7a n\u00e3o pavimentadas (RESAs), totalizando 1.930 metros de \u00e1rea de pista.<\/p>\n\n\n\n<p>Foram indicadas emendas da Bancada Ga\u00facha no valor de R$ 14 milh\u00f5es para obra, nos anos de 2023 e 2024. At\u00e9 o momento, o munic\u00edpio n\u00e3o recebeu nenhum recurso externo, mesmo assim, o prefeito garantiu que essa \u00e9 uma prioridade e que se for preciso, as obras devem come\u00e7ar com recurso pr\u00f3prio. A partir da libera\u00e7\u00e3o da Secretaria de Avia\u00e7\u00e3o Civil (SAC), ser\u00e1 iniciado o novo processo de licita\u00e7\u00e3o e a escolha da empresa ganhadora. Logo ap\u00f3s, \u00e9 emitida a ordem de in\u00edcio e as obras iniciam no munic\u00edpio.<\/p>\n","protected":false},"excerpt":{"rendered":"<p>A amplia\u00e7\u00e3o do Aeroporto Municipal &#8211; Lu\u00eds Alberto Lehr \u00e9 uma das grandes metas da atual Administra\u00e7\u00e3o. Essa pauta tem<\/p>\n","protected":false},"author":6,"featured_media":10526,"comment_status":"closed","ping_status":"closed","sticky":false,"template":"","format":"standard","meta":{"footnotes":""},"categories":[4,22],"tags":[],"class_list":["post-10524","post","type-post","status-publish","format-standard","has-post-thumbnail","hentry","category-noticias","category-secretaria-municipal-de-planejamento-e-habitacao"],"aioseo_notices":[],"_links":{"self":[{"href":"https:\/\/prefeitura.santarosa.rs.gov.br\/index.php?rest_route=\/wp\/v2\/posts\/10524","targetHints":{"allow":["GET"]}}],"collection":[{"href":"https:\/\/prefeitura.santarosa.rs.gov.br\/index.php?rest_route=\/wp\/v2\/posts"}],"about":[{"href":"https:\/\/prefeitura.santarosa.rs.gov.br\/index.php?rest_route=\/wp\/v2\/types\/post"}],"author":[{"embeddable":true,"href":"https:\/\/prefeitura.santarosa.rs.gov.br\/index.php?rest_route=\/wp\/v2\/users\/6"}],"replies":[{"embeddable":true,"href":"https:\/\/prefeitura.santarosa.rs.gov.br\/index.php?rest_route=%2Fwp%2Fv2%2Fcomments&post=10524"}],"version-history":[{"count":1,"href":"https:\/\/prefeitura.santarosa.rs.gov.br\/index.php?rest_route=\/wp\/v2\/posts\/10524\/revisions"}],"predecessor-version":[{"id":10528,"href":"https:\/\/prefeitura.santarosa.rs.gov.br\/index.php?rest_route=\/wp\/v2\/posts\/10524\/revisions\/10528"}],"wp:featuredmedia":[{"embeddable":true,"href":"https:\/\/prefeitura.santarosa.rs.gov.br\/index.php?rest_route=\/wp\/v2\/media\/10526"}],"wp:attachment":[{"href":"https:\/\/prefeitura.santarosa.rs.gov.br\/index.php?rest_route=%2Fwp%2Fv2%2Fmedia&parent=10524"}],"wp:term":[{"taxonomy":"category","embeddable":true,"href":"https:\/\/prefeitura.santarosa.rs.gov.br\/index.php?rest_route=%2Fwp%2Fv2%2Fcategories&post=10524"},{"taxonomy":"post_tag","embeddable":true,"href":"https:\/\/prefeitura.santarosa.rs.gov.br\/index.php?rest_route=%2Fwp%2Fv2%2Ftags&post=10524"}],"curies":[{"name":"wp","href":"https:\/\/api.w.org\/{rel}","templated":true}]}}