{"id":10520,"date":"2024-05-31T11:37:24","date_gmt":"2024-05-31T14:37:24","guid":{"rendered":"https:\/\/prefeitura.santarosa.rs.gov.br\/?p=10520"},"modified":"2024-10-07T09:51:06","modified_gmt":"2024-10-07T12:51:06","slug":"departamento-de-bem-estar-animal-realiza-palestras-em-escolas","status":"publish","type":"post","link":"https:\/\/prefeitura.santarosa.rs.gov.br\/?p=10520","title":{"rendered":"<strong>Departamento de Bem-Estar Animal realiza palestras em escolas<\/strong>"},"content":{"rendered":"\n<figure class=\"wp-block-image size-full\"><img fetchpriority=\"high\" decoding=\"async\" width=\"860\" height=\"645\" src=\"https:\/\/prefeitura.santarosa.rs.gov.br\/wp-content\/uploads\/2024\/05\/Formato-Site-e-Portal-860X645-JPG-2024-05-31T113600.624.jpg\" alt=\"\" class=\"wp-image-10521\" srcset=\"https:\/\/prefeitura.santarosa.rs.gov.br\/wp-content\/uploads\/2024\/05\/Formato-Site-e-Portal-860X645-JPG-2024-05-31T113600.624.jpg 860w, https:\/\/prefeitura.santarosa.rs.gov.br\/wp-content\/uploads\/2024\/05\/Formato-Site-e-Portal-860X645-JPG-2024-05-31T113600.624-300x225.jpg 300w, https:\/\/prefeitura.santarosa.rs.gov.br\/wp-content\/uploads\/2024\/05\/Formato-Site-e-Portal-860X645-JPG-2024-05-31T113600.624-768x576.jpg 768w\" sizes=\"(max-width: 860px) 100vw, 860px\" \/><\/figure>\n\n\n\n<p>Com o objetivo de conscientizar sobre ado\u00e7\u00e3o, maus-tratos e outros temas relacionados \u00e0 causa animal, a equipe da Secretaria de Meio Ambiente, por meio do Departamento de Bem-Estar Animal, realizou uma s\u00e9rie de palestras informativas nas escolas do munic\u00edpio. Os encontros aconteceram em 20 EMEIs \u2013 Escolas de Educa\u00e7\u00e3o Infantil que fazem parte da Rede Municipal de Ensino. Participaram das atividades, crian\u00e7as dos 3 aos 5 anos, de turmas do Maternal II, Pr\u00e9 I e Pr\u00e9 II.<\/p>\n\n\n\n<p>Na oportunidade, foram explicados conceitos, como por exemplo: o que \u00e9 considerado maus-tratos aos animais? Al\u00e9m disso, a equipe falou sobre a import\u00e2ncia da ado\u00e7\u00e3o consciente, os programas desenvolvidos pela Administra\u00e7\u00e3o Municipal e os canais de den\u00fancia dispon\u00edveis em Santa Rosa. A Coordenadora de Pol\u00edticas de Bem-Estar Animal, Cristiane Ferraz, destacou que a a\u00e7\u00e3o foi muito positiva e que de uma forma l\u00fadica foi poss\u00edvel levar mais conhecimentos aos alunos, \u201cFoi uma experi\u00eancia muito construtiva, pois as crian\u00e7as interagiram muito, ficaram curiosas e conseguimos, na linguagem delas, passar informa\u00e7\u00f5es importantes sobre os cuidados com os animais\u201d.<\/p>\n\n\n\n<p>No \u00faltimo m\u00eas, v\u00e1rias a\u00e7\u00f5es foram realizadas em toda a cidade, com foco nesta tem\u00e1tica da conscientiza\u00e7\u00e3o sobre os maus-tratos.<\/p>\n","protected":false},"excerpt":{"rendered":"<p>Com o objetivo de conscientizar sobre ado\u00e7\u00e3o, maus-tratos e outros temas relacionados \u00e0 causa animal, a equipe da Secretaria de<\/p>\n","protected":false},"author":6,"featured_media":10522,"comment_status":"closed","ping_status":"closed","sticky":false,"template":"","format":"standard","meta":{"footnotes":""},"categories":[4,20],"tags":[],"class_list":["post-10520","post","type-post","status-publish","format-standard","has-post-thumbnail","hentry","category-noticias","category-secretaria-municipal-de-meio-ambiente"],"aioseo_notices":[],"_links":{"self":[{"href":"https:\/\/prefeitura.santarosa.rs.gov.br\/index.php?rest_route=\/wp\/v2\/posts\/10520","targetHints":{"allow":["GET"]}}],"collection":[{"href":"https:\/\/prefeitura.santarosa.rs.gov.br\/index.php?rest_route=\/wp\/v2\/posts"}],"about":[{"href":"https:\/\/prefeitura.santarosa.rs.gov.br\/index.php?rest_route=\/wp\/v2\/types\/post"}],"author":[{"embeddable":true,"href":"https:\/\/prefeitura.santarosa.rs.gov.br\/index.php?rest_route=\/wp\/v2\/users\/6"}],"replies":[{"embeddable":true,"href":"https:\/\/prefeitura.santarosa.rs.gov.br\/index.php?rest_route=%2Fwp%2Fv2%2Fcomments&post=10520"}],"version-history":[{"count":1,"href":"https:\/\/prefeitura.santarosa.rs.gov.br\/index.php?rest_route=\/wp\/v2\/posts\/10520\/revisions"}],"predecessor-version":[{"id":10523,"href":"https:\/\/prefeitura.santarosa.rs.gov.br\/index.php?rest_route=\/wp\/v2\/posts\/10520\/revisions\/10523"}],"wp:featuredmedia":[{"embeddable":true,"href":"https:\/\/prefeitura.santarosa.rs.gov.br\/index.php?rest_route=\/wp\/v2\/media\/10522"}],"wp:attachment":[{"href":"https:\/\/prefeitura.santarosa.rs.gov.br\/index.php?rest_route=%2Fwp%2Fv2%2Fmedia&parent=10520"}],"wp:term":[{"taxonomy":"category","embeddable":true,"href":"https:\/\/prefeitura.santarosa.rs.gov.br\/index.php?rest_route=%2Fwp%2Fv2%2Fcategories&post=10520"},{"taxonomy":"post_tag","embeddable":true,"href":"https:\/\/prefeitura.santarosa.rs.gov.br\/index.php?rest_route=%2Fwp%2Fv2%2Ftags&post=10520"}],"curies":[{"name":"wp","href":"https:\/\/api.w.org\/{rel}","templated":true}]}}