{"id":10516,"date":"2024-05-31T11:08:22","date_gmt":"2024-05-31T14:08:22","guid":{"rendered":"https:\/\/prefeitura.santarosa.rs.gov.br\/?p=10516"},"modified":"2024-10-07T09:51:06","modified_gmt":"2024-10-07T12:51:06","slug":"ponte-do-lajeado-faxinal-e-recuperada","status":"publish","type":"post","link":"https:\/\/prefeitura.santarosa.rs.gov.br\/?p=10516","title":{"rendered":"<strong>Ponte do Lajeado Faxinal \u00e9 recuperada<\/strong>"},"content":{"rendered":"\n<figure class=\"wp-block-image size-full\"><img fetchpriority=\"high\" decoding=\"async\" width=\"860\" height=\"645\" src=\"https:\/\/prefeitura.santarosa.rs.gov.br\/wp-content\/uploads\/2024\/05\/Formato-Site-e-Portal-860X645-JPG-2024-05-31T110615.016.jpg\" alt=\"\" class=\"wp-image-10517\" srcset=\"https:\/\/prefeitura.santarosa.rs.gov.br\/wp-content\/uploads\/2024\/05\/Formato-Site-e-Portal-860X645-JPG-2024-05-31T110615.016.jpg 860w, https:\/\/prefeitura.santarosa.rs.gov.br\/wp-content\/uploads\/2024\/05\/Formato-Site-e-Portal-860X645-JPG-2024-05-31T110615.016-300x225.jpg 300w, https:\/\/prefeitura.santarosa.rs.gov.br\/wp-content\/uploads\/2024\/05\/Formato-Site-e-Portal-860X645-JPG-2024-05-31T110615.016-768x576.jpg 768w\" sizes=\"(max-width: 860px) 100vw, 860px\" \/><\/figure>\n\n\n\n<p>Ap\u00f3s as fortes chuvas que atingiram Santa Rosa, danificando estradas e pontes do interior, o Governo Municipal vem realizando uma for\u00e7a tarefa de reconstru\u00e7\u00e3o e manuten\u00e7\u00e3o na \u00e1rea rural. O trabalho est\u00e1 sendo intensificado e diversas comunidades j\u00e1 foram atendidas. Na quarta-feira (29), as equipes da Secretaria de Agricultura, conclu\u00edram a recupera\u00e7\u00e3o da ponte entre o Lajeado Faxinal e o Lajeado Pessegueiro. A estrutura foi toda reconstru\u00edda com recursos e m\u00e3o de obra da Prefeitura.<\/p>\n\n\n\n<p>O vice-prefeito Aldemir Ulrich, esteve no local para acompanhar a execu\u00e7\u00e3o do servi\u00e7o, \u201cEstamos atuando em v\u00e1rias comunidades para recuperar os estragos causados pela chuva. Muitas estradas e pontes foram danificadas. Nossas esquipes est\u00e3o trabalhando para atender as demandas e melhorar as estradas que d\u00e3o acesso ao interior\u201d.<\/p>\n\n\n\n<p>Al\u00e9m da ponte no Lajeado Faxinal, equipes da Secretaria de Agricultura est\u00e3o trabalhando com os servi\u00e7os de patrolamento no KM 3 ao KM 5, na manuten\u00e7\u00e3o das estradas do Campo da Avia\u00e7\u00e3o e em uma demanda de atoladores na Esquina Louro.<\/p>\n","protected":false},"excerpt":{"rendered":"<p>Ap\u00f3s as fortes chuvas que atingiram Santa Rosa, danificando estradas e pontes do interior, o Governo Municipal vem realizando uma<\/p>\n","protected":false},"author":6,"featured_media":10518,"comment_status":"closed","ping_status":"closed","sticky":false,"template":"","format":"standard","meta":{"footnotes":""},"categories":[4,14],"tags":[],"class_list":["post-10516","post","type-post","status-publish","format-standard","has-post-thumbnail","hentry","category-noticias","category-secretaria-municipal-de-agricultura"],"aioseo_notices":[],"_links":{"self":[{"href":"https:\/\/prefeitura.santarosa.rs.gov.br\/index.php?rest_route=\/wp\/v2\/posts\/10516","targetHints":{"allow":["GET"]}}],"collection":[{"href":"https:\/\/prefeitura.santarosa.rs.gov.br\/index.php?rest_route=\/wp\/v2\/posts"}],"about":[{"href":"https:\/\/prefeitura.santarosa.rs.gov.br\/index.php?rest_route=\/wp\/v2\/types\/post"}],"author":[{"embeddable":true,"href":"https:\/\/prefeitura.santarosa.rs.gov.br\/index.php?rest_route=\/wp\/v2\/users\/6"}],"replies":[{"embeddable":true,"href":"https:\/\/prefeitura.santarosa.rs.gov.br\/index.php?rest_route=%2Fwp%2Fv2%2Fcomments&post=10516"}],"version-history":[{"count":1,"href":"https:\/\/prefeitura.santarosa.rs.gov.br\/index.php?rest_route=\/wp\/v2\/posts\/10516\/revisions"}],"predecessor-version":[{"id":10519,"href":"https:\/\/prefeitura.santarosa.rs.gov.br\/index.php?rest_route=\/wp\/v2\/posts\/10516\/revisions\/10519"}],"wp:featuredmedia":[{"embeddable":true,"href":"https:\/\/prefeitura.santarosa.rs.gov.br\/index.php?rest_route=\/wp\/v2\/media\/10518"}],"wp:attachment":[{"href":"https:\/\/prefeitura.santarosa.rs.gov.br\/index.php?rest_route=%2Fwp%2Fv2%2Fmedia&parent=10516"}],"wp:term":[{"taxonomy":"category","embeddable":true,"href":"https:\/\/prefeitura.santarosa.rs.gov.br\/index.php?rest_route=%2Fwp%2Fv2%2Fcategories&post=10516"},{"taxonomy":"post_tag","embeddable":true,"href":"https:\/\/prefeitura.santarosa.rs.gov.br\/index.php?rest_route=%2Fwp%2Fv2%2Ftags&post=10516"}],"curies":[{"name":"wp","href":"https:\/\/api.w.org\/{rel}","templated":true}]}}