{"id":10473,"date":"2024-05-27T15:27:15","date_gmt":"2024-05-27T18:27:15","guid":{"rendered":"https:\/\/prefeitura.santarosa.rs.gov.br\/?p=10473"},"modified":"2024-10-07T09:51:06","modified_gmt":"2024-10-07T12:51:06","slug":"doacoes-para-taquari-foram-entregues-no-final-de-semana","status":"publish","type":"post","link":"https:\/\/prefeitura.santarosa.rs.gov.br\/?p=10473","title":{"rendered":"<strong>Doa\u00e7\u00f5es para Taquari foram entregues no final de semana<\/strong>"},"content":{"rendered":"\n<figure class=\"wp-block-image size-full\"><img fetchpriority=\"high\" decoding=\"async\" width=\"860\" height=\"645\" src=\"https:\/\/prefeitura.santarosa.rs.gov.br\/wp-content\/uploads\/2024\/05\/Formato-Site-e-Portal-860X645-JPG-2024-05-27T152620.486.jpg\" alt=\"\" class=\"wp-image-10474\" srcset=\"https:\/\/prefeitura.santarosa.rs.gov.br\/wp-content\/uploads\/2024\/05\/Formato-Site-e-Portal-860X645-JPG-2024-05-27T152620.486.jpg 860w, https:\/\/prefeitura.santarosa.rs.gov.br\/wp-content\/uploads\/2024\/05\/Formato-Site-e-Portal-860X645-JPG-2024-05-27T152620.486-300x225.jpg 300w, https:\/\/prefeitura.santarosa.rs.gov.br\/wp-content\/uploads\/2024\/05\/Formato-Site-e-Portal-860X645-JPG-2024-05-27T152620.486-768x576.jpg 768w\" sizes=\"(max-width: 860px) 100vw, 860px\" \/><\/figure>\n\n\n\n<p>O final de semana foi de solidariedade. O vice-prefeito Aldemir Ulrich acompanhado de integrantes do grupo Legend\u00e1rios, foi novamente at\u00e9 o munic\u00edpio de Taquari para levar doa\u00e7\u00f5es de Santa Rosa. No \u00faltimo s\u00e1bado (25), duas carretas de donativos foram entregues para a cidade. Um dos locais contemplados com as doa\u00e7\u00f5es foi a EMEI Paulo Freire. Desde talheres at\u00e9 o ber\u00e7o, muitos itens foram entregues para equipar a escola que tem 89 crian\u00e7as matriculadas. A partir de agora, a EMEI vai ter a infraestrutura necess\u00e1ria para a retomada das aulas.<\/p>\n\n\n\n<p>Al\u00e9m da creche, outros locais tamb\u00e9m receberam donativos e uma parte dos materiais foi entregue para a Prefeitura de Taquari realizar a destina\u00e7\u00e3o conforme a necessidade. O vice-prefeito Aldemir, destacou a import\u00e2ncia da miss\u00e3o para a popula\u00e7\u00e3o taquariense, \u201cOuvimos depoimentos emocionantes tanto das equipes que est\u00e3o ajudando, quanto dos moradores e profissionais que vivem em Taquari. A ajuda que estamos levando pra l\u00e1, vai possibilitar o retorno breve das crian\u00e7as em sala de aula, com infraestrutura e seguran\u00e7a e isso, significa muito pra n\u00f3s\u201d.<\/p>\n\n\n\n<p>As doa\u00e7\u00f5es enviadas para o munic\u00edpio foram arrecadadas atrav\u00e9s de uma a\u00e7\u00e3o conjunta chamada Miss\u00e3o Taquari, que re\u00fane o poder p\u00fablico de Santa Rosa, entidades como a Comunidade Evang\u00e9lica Atos 2, o grupo Legend\u00e1rios, a Casa da Amizade do Rotary Clube, o projeto Volte ao Lar, coordenado pela arquiteta Camila Preissler e a comunidade em geral. A log\u00edstica at\u00e9 Taquari foi fornecida pela empresa AGCO DO BRASIL. Outra importante doa\u00e7\u00e3o saiu de S\u00e3o Paulo para o munic\u00edpio, duas carretas com alimentos, materiais de higiene e limpeza est\u00e3o sendo encaminhadas para a cidade.<\/p>\n","protected":false},"excerpt":{"rendered":"<p>O final de semana foi de solidariedade. O vice-prefeito Aldemir Ulrich acompanhado de integrantes do grupo Legend\u00e1rios, foi novamente at\u00e9<\/p>\n","protected":false},"author":6,"featured_media":10475,"comment_status":"closed","ping_status":"closed","sticky":false,"template":"","format":"standard","meta":{"footnotes":""},"categories":[4,3,9],"tags":[],"class_list":["post-10473","post","type-post","status-publish","format-standard","has-post-thumbnail","hentry","category-noticias","category-gabinete-do-prefeito","category-gabinete-do-vice-prefeito"],"aioseo_notices":[],"_links":{"self":[{"href":"https:\/\/prefeitura.santarosa.rs.gov.br\/index.php?rest_route=\/wp\/v2\/posts\/10473","targetHints":{"allow":["GET"]}}],"collection":[{"href":"https:\/\/prefeitura.santarosa.rs.gov.br\/index.php?rest_route=\/wp\/v2\/posts"}],"about":[{"href":"https:\/\/prefeitura.santarosa.rs.gov.br\/index.php?rest_route=\/wp\/v2\/types\/post"}],"author":[{"embeddable":true,"href":"https:\/\/prefeitura.santarosa.rs.gov.br\/index.php?rest_route=\/wp\/v2\/users\/6"}],"replies":[{"embeddable":true,"href":"https:\/\/prefeitura.santarosa.rs.gov.br\/index.php?rest_route=%2Fwp%2Fv2%2Fcomments&post=10473"}],"version-history":[{"count":1,"href":"https:\/\/prefeitura.santarosa.rs.gov.br\/index.php?rest_route=\/wp\/v2\/posts\/10473\/revisions"}],"predecessor-version":[{"id":10476,"href":"https:\/\/prefeitura.santarosa.rs.gov.br\/index.php?rest_route=\/wp\/v2\/posts\/10473\/revisions\/10476"}],"wp:featuredmedia":[{"embeddable":true,"href":"https:\/\/prefeitura.santarosa.rs.gov.br\/index.php?rest_route=\/wp\/v2\/media\/10475"}],"wp:attachment":[{"href":"https:\/\/prefeitura.santarosa.rs.gov.br\/index.php?rest_route=%2Fwp%2Fv2%2Fmedia&parent=10473"}],"wp:term":[{"taxonomy":"category","embeddable":true,"href":"https:\/\/prefeitura.santarosa.rs.gov.br\/index.php?rest_route=%2Fwp%2Fv2%2Fcategories&post=10473"},{"taxonomy":"post_tag","embeddable":true,"href":"https:\/\/prefeitura.santarosa.rs.gov.br\/index.php?rest_route=%2Fwp%2Fv2%2Ftags&post=10473"}],"curies":[{"name":"wp","href":"https:\/\/api.w.org\/{rel}","templated":true}]}}