{"id":10457,"date":"2024-05-24T15:10:09","date_gmt":"2024-05-24T18:10:09","guid":{"rendered":"https:\/\/prefeitura.santarosa.rs.gov.br\/?p=10457"},"modified":"2024-10-07T09:51:07","modified_gmt":"2024-10-07T12:51:07","slug":"secretaria-de-desenvolvimento-social-cadastra-familias-para-receber-o-auxilio-reconstrucao","status":"publish","type":"post","link":"https:\/\/prefeitura.santarosa.rs.gov.br\/?p=10457","title":{"rendered":"<strong>Secretaria de Desenvolvimento Social cadastra fam\u00edlias para receber o Aux\u00edlio Reconstru\u00e7\u00e3o<\/strong>"},"content":{"rendered":"\n<figure class=\"wp-block-image size-full\"><img fetchpriority=\"high\" decoding=\"async\" width=\"860\" height=\"645\" src=\"https:\/\/prefeitura.santarosa.rs.gov.br\/wp-content\/uploads\/2024\/05\/Formato-Site-e-Portal-860X645-JPG-2024-05-24T150913.621.jpg\" alt=\"\" class=\"wp-image-10458\" srcset=\"https:\/\/prefeitura.santarosa.rs.gov.br\/wp-content\/uploads\/2024\/05\/Formato-Site-e-Portal-860X645-JPG-2024-05-24T150913.621.jpg 860w, https:\/\/prefeitura.santarosa.rs.gov.br\/wp-content\/uploads\/2024\/05\/Formato-Site-e-Portal-860X645-JPG-2024-05-24T150913.621-300x225.jpg 300w, https:\/\/prefeitura.santarosa.rs.gov.br\/wp-content\/uploads\/2024\/05\/Formato-Site-e-Portal-860X645-JPG-2024-05-24T150913.621-768x576.jpg 768w\" sizes=\"(max-width: 860px) 100vw, 860px\" \/><\/figure>\n\n\n\n<p>A equipe da Secretaria de Desenvolvimento Social iniciou nesta quinta-feira (23), o cadastro das fam\u00edlias atingidas pela chuva para recebimento do Aux\u00edlio Reconstru\u00e7\u00e3o do Governo Federal. O benef\u00edcio \u00e9 um apoio financeiro no valor de R$ 5.100,00 pago em uma \u00fanica parcela. O objetivo \u00e9 auxiliar a popula\u00e7\u00e3o que teve danos na resid\u00eancia com o recurso para a compra de m\u00f3veis, eletrodom\u00e9sticos, entre outros itens.<\/p>\n\n\n\n<p>Podem ser cadastrados para receber o benef\u00edcio, as fam\u00edlias que residem nas \u00e1reas que foram alagadas no munic\u00edpio. Al\u00e9m disso, o local precisa constar no levantamento realizado pela Defesa Civil e equipes do Desenvolvimento Social. &nbsp;Dessa forma, a Secret\u00e1ria Taisa Boelter, explica como vai funcionar este processo, \u201cNesse primeiro momento, as pessoas devem aguardar o contato da Secretaria de Desenvolvimento Social para comparecer na sede e serem atendidos. Estamos realizando o contato com as fam\u00edlias atingidas e passando todas as informa\u00e7\u00f5es necess\u00e1rias&#8221;.<\/p>\n\n\n\n<p>Assim que aprovado o aux\u00edlio, o benef\u00edcio estar\u00e1 dispon\u00edvel em alguns dias. Para obter o benef\u00edcio, o respons\u00e1vel dever\u00e1 ter uma senha do sistema GOV.BR. Caso n\u00e3o possua, precisa acessar o site: <a href=\"http:\/\/www.gov.br\">www.gov.br<\/a> e fazer o cadastro. Ap\u00f3s essa etapa, ser\u00e1 necess\u00e1rio acessar o endere\u00e7o: <a href=\"http:\/\/www.gov.br\/auxilioreconstrucao\">www.gov.br\/auxilioreconstrucao<\/a> para confirmar as informa\u00e7\u00f5es no sistema e assim, efetivar o aux\u00edlio.<\/p>\n\n\n\n<p>Depois de tudo confirmado, o pagamento ser\u00e1 realizado na Caixa Econ\u00f4mica Federal e para quem n\u00e3o possui conta, o valor ser\u00e1 creditado em conta aberta automaticamente pelo sistema e dispon\u00edvel no aplicativo Caixa TEM. Mais informa\u00e7\u00f5es pelo telefone: (55) 3511-5110 ou no site: <a href=\"https:\/\/www.gov.br\/mdr\/pt-br\/auxilioreconstrucao\">https:\/\/www.gov.br\/mdr\/pt-br\/auxilioreconstrucao<\/a><\/p>\n","protected":false},"excerpt":{"rendered":"<p>A equipe da Secretaria de Desenvolvimento Social iniciou nesta quinta-feira (23), o cadastro das fam\u00edlias atingidas pela chuva para recebimento<\/p>\n","protected":false},"author":6,"featured_media":10459,"comment_status":"closed","ping_status":"closed","sticky":false,"template":"","format":"standard","meta":{"footnotes":""},"categories":[4,17],"tags":[],"class_list":["post-10457","post","type-post","status-publish","format-standard","has-post-thumbnail","hentry","category-noticias","category-secretaria-municipal-de-desenvolvimento-social"],"aioseo_notices":[],"_links":{"self":[{"href":"https:\/\/prefeitura.santarosa.rs.gov.br\/index.php?rest_route=\/wp\/v2\/posts\/10457","targetHints":{"allow":["GET"]}}],"collection":[{"href":"https:\/\/prefeitura.santarosa.rs.gov.br\/index.php?rest_route=\/wp\/v2\/posts"}],"about":[{"href":"https:\/\/prefeitura.santarosa.rs.gov.br\/index.php?rest_route=\/wp\/v2\/types\/post"}],"author":[{"embeddable":true,"href":"https:\/\/prefeitura.santarosa.rs.gov.br\/index.php?rest_route=\/wp\/v2\/users\/6"}],"replies":[{"embeddable":true,"href":"https:\/\/prefeitura.santarosa.rs.gov.br\/index.php?rest_route=%2Fwp%2Fv2%2Fcomments&post=10457"}],"version-history":[{"count":1,"href":"https:\/\/prefeitura.santarosa.rs.gov.br\/index.php?rest_route=\/wp\/v2\/posts\/10457\/revisions"}],"predecessor-version":[{"id":10460,"href":"https:\/\/prefeitura.santarosa.rs.gov.br\/index.php?rest_route=\/wp\/v2\/posts\/10457\/revisions\/10460"}],"wp:featuredmedia":[{"embeddable":true,"href":"https:\/\/prefeitura.santarosa.rs.gov.br\/index.php?rest_route=\/wp\/v2\/media\/10459"}],"wp:attachment":[{"href":"https:\/\/prefeitura.santarosa.rs.gov.br\/index.php?rest_route=%2Fwp%2Fv2%2Fmedia&parent=10457"}],"wp:term":[{"taxonomy":"category","embeddable":true,"href":"https:\/\/prefeitura.santarosa.rs.gov.br\/index.php?rest_route=%2Fwp%2Fv2%2Fcategories&post=10457"},{"taxonomy":"post_tag","embeddable":true,"href":"https:\/\/prefeitura.santarosa.rs.gov.br\/index.php?rest_route=%2Fwp%2Fv2%2Ftags&post=10457"}],"curies":[{"name":"wp","href":"https:\/\/api.w.org\/{rel}","templated":true}]}}