{"id":10412,"date":"2024-05-20T16:22:12","date_gmt":"2024-05-20T19:22:12","guid":{"rendered":"https:\/\/prefeitura.santarosa.rs.gov.br\/?p=10412"},"modified":"2024-10-07T09:51:07","modified_gmt":"2024-10-07T12:51:07","slug":"comitiva-santa-rosense-foi-ate-taquari","status":"publish","type":"post","link":"https:\/\/prefeitura.santarosa.rs.gov.br\/?p=10412","title":{"rendered":"<strong>Comitiva santa-rosense foi at\u00e9 Taquari<\/strong>"},"content":{"rendered":"\n<figure class=\"wp-block-image size-full\"><img fetchpriority=\"high\" decoding=\"async\" width=\"860\" height=\"645\" src=\"https:\/\/prefeitura.santarosa.rs.gov.br\/wp-content\/uploads\/2024\/05\/Formato-Site-e-Portal-860X645-JPG-2024-05-20T151318.837.jpg\" alt=\"\" class=\"wp-image-10413\" srcset=\"https:\/\/prefeitura.santarosa.rs.gov.br\/wp-content\/uploads\/2024\/05\/Formato-Site-e-Portal-860X645-JPG-2024-05-20T151318.837.jpg 860w, https:\/\/prefeitura.santarosa.rs.gov.br\/wp-content\/uploads\/2024\/05\/Formato-Site-e-Portal-860X645-JPG-2024-05-20T151318.837-300x225.jpg 300w, https:\/\/prefeitura.santarosa.rs.gov.br\/wp-content\/uploads\/2024\/05\/Formato-Site-e-Portal-860X645-JPG-2024-05-20T151318.837-768x576.jpg 768w\" sizes=\"(max-width: 860px) 100vw, 860px\" \/><\/figure>\n\n\n\n<p>Uma comitiva de Santa Rosa liderada pelo vice-prefeito Aldemir Ulrich, chegou em Taquari, na tarde do \u00faltimo s\u00e1bado (18), para iniciar o processo de ajuda ao munic\u00edpio atingido pelas fortes chuvas. A cidade sofre com as consequ\u00eancias desta que j\u00e1 \u00e9 considerada uma cheia hist\u00f3rica do Rio Taquari. Na quinta-feira (16), o Governo Municipal anunciou que adotaria Taquari, disponibilizando doa\u00e7\u00f5es e todo o aux\u00edlio necess\u00e1rio para a reconstru\u00e7\u00e3o do munic\u00edpio.<\/p>\n\n\n\n<p>O grupo foi recebido no gabinete do prefeito de Taquari, Andr\u00e9 Brito. Na oportunidade, o vice-prefeito de Santa Rosa, Aldemir Ulrich, entregou para as autoridades locais, o decreto n\u00ba 71\/2024. O documento declara situa\u00e7\u00e3o excepcional de interven\u00e7\u00e3o humanit\u00e1ria para eventual assist\u00eancia aos munic\u00edpios atingidos pelas cat\u00e1strofes clim\u00e1ticas recentes e, define a\u00e7\u00f5es solid\u00e1rias priorit\u00e1rias ao munic\u00edpio de Taquari\/RS. Aldemir destacou que o v\u00ednculo entre as duas cidades vem desde a d\u00e9cada de 40, \u201cTemos em Santa Rosa um grupo de imigrantes de Taquari, que come\u00e7ou a ir para l\u00e1 na d\u00e9cada de 1940, alguns ap\u00f3s a enchente de 1941, que s\u00e3o os chamados Taquarianos. Ent\u00e3o, n\u00f3s temos esse apelo do pessoal que foi para l\u00e1 e ajudou Santa Rosa a crescer, evoluir e ser o que \u00e9 hoje com o trabalho dessas pessoas, mantendo essa liga\u00e7\u00e3o hist\u00f3rica com Taquari. Nossa comunidade est\u00e1 engajada nessa miss\u00e3o e com a parceria de todos vamos conseguir contribuir com a reconstru\u00e7\u00e3o dessa importante cidade\u201d.<\/p>\n\n\n\n<p>Na mesma tarde, a comitiva seguiu conhecer a escola Tim\u00f3theo Junqueira dos Santos, no Rinc\u00e3o, uma das institui\u00e7\u00f5es que vai receber o trabalho de manuten\u00e7\u00e3o da rede el\u00e9trica, enviado por Santa Rosa. Al\u00e9m disso, o grupo esteve tamb\u00e9m em um abrigo que est\u00e1 acolhendo desalojados. Conforme relat\u00f3rio emitido pela Prefeitura de Taquari, ao todo, 2.880 pessoas foram atingidas pela chuva e destas, 143 estavam abrigadas pelo munic\u00edpio. O prefeito da cidade, Andr\u00e9 Brito, agradeceu a solidariedade com o munic\u00edpio, \u201cAgradecemos esse abra\u00e7o que est\u00e3o nos dando. Santa Rosa representa muito no nosso Estado e voc\u00eas n\u00e3o sabem o quanto est\u00e3o sendo importantes para a autoestima da nossa popula\u00e7\u00e3o, n\u00e3o apenas os que foram atingidos, mas para todos os taquarienses\u201d.&nbsp;&nbsp;&nbsp;&nbsp;<\/p>\n\n\n\n<p>Durante a miss\u00e3o, ficou definido que as autoridades de Taquari ir\u00e3o repassar para a Prefeitura de Santa Rosa, um relat\u00f3rio oficial com as principais necessidades do munic\u00edpio. Neste primeiro momento, uma equipe de eletricistas vai ir at\u00e9 a cidade, trabalhar na rede el\u00e9trica de duas escolas, para normalizar o atendimento aos alunos. Al\u00e9m disso, roupas infantis, carrinhos de beb\u00ea e outros itens est\u00e3o sendo arrecadados na Central de Doa\u00e7\u00f5es, na Secretaria de Desenvolvimento Social, para no final da semana, serem encaminhados at\u00e9 Taquari. Outra grande ajuda foi anunciada pelo empres\u00e1rio santa-rosense, Luciano Luft, que informou que 6 carretas com \u00e1gua, alimentos e materiais de limpeza, ser\u00e3o destinadas para o munic\u00edpio adotado por Santa Rosa.<\/p>\n\n\n\n<p>Faziam parte da comitiva, integrantes do grupo Legend\u00e1rios, empres\u00e1rios e o presidente do Sindicato das Empresas de Transporte de Cargas e Log\u00edstica de Santa Rosa &#8211; Sintralog, Andr\u00e9 Bizarro, tamb\u00e9m natural de Taquari.<\/p>\n","protected":false},"excerpt":{"rendered":"<p>Uma comitiva de Santa Rosa liderada pelo vice-prefeito Aldemir Ulrich, chegou em Taquari, na tarde do \u00faltimo s\u00e1bado (18), para<\/p>\n","protected":false},"author":6,"featured_media":10414,"comment_status":"closed","ping_status":"closed","sticky":false,"template":"","format":"standard","meta":{"footnotes":""},"categories":[4,3,9],"tags":[],"class_list":["post-10412","post","type-post","status-publish","format-standard","has-post-thumbnail","hentry","category-noticias","category-gabinete-do-prefeito","category-gabinete-do-vice-prefeito"],"aioseo_notices":[],"_links":{"self":[{"href":"https:\/\/prefeitura.santarosa.rs.gov.br\/index.php?rest_route=\/wp\/v2\/posts\/10412","targetHints":{"allow":["GET"]}}],"collection":[{"href":"https:\/\/prefeitura.santarosa.rs.gov.br\/index.php?rest_route=\/wp\/v2\/posts"}],"about":[{"href":"https:\/\/prefeitura.santarosa.rs.gov.br\/index.php?rest_route=\/wp\/v2\/types\/post"}],"author":[{"embeddable":true,"href":"https:\/\/prefeitura.santarosa.rs.gov.br\/index.php?rest_route=\/wp\/v2\/users\/6"}],"replies":[{"embeddable":true,"href":"https:\/\/prefeitura.santarosa.rs.gov.br\/index.php?rest_route=%2Fwp%2Fv2%2Fcomments&post=10412"}],"version-history":[{"count":1,"href":"https:\/\/prefeitura.santarosa.rs.gov.br\/index.php?rest_route=\/wp\/v2\/posts\/10412\/revisions"}],"predecessor-version":[{"id":10415,"href":"https:\/\/prefeitura.santarosa.rs.gov.br\/index.php?rest_route=\/wp\/v2\/posts\/10412\/revisions\/10415"}],"wp:featuredmedia":[{"embeddable":true,"href":"https:\/\/prefeitura.santarosa.rs.gov.br\/index.php?rest_route=\/wp\/v2\/media\/10414"}],"wp:attachment":[{"href":"https:\/\/prefeitura.santarosa.rs.gov.br\/index.php?rest_route=%2Fwp%2Fv2%2Fmedia&parent=10412"}],"wp:term":[{"taxonomy":"category","embeddable":true,"href":"https:\/\/prefeitura.santarosa.rs.gov.br\/index.php?rest_route=%2Fwp%2Fv2%2Fcategories&post=10412"},{"taxonomy":"post_tag","embeddable":true,"href":"https:\/\/prefeitura.santarosa.rs.gov.br\/index.php?rest_route=%2Fwp%2Fv2%2Ftags&post=10412"}],"curies":[{"name":"wp","href":"https:\/\/api.w.org\/{rel}","templated":true}]}}