{"id":10404,"date":"2024-05-20T11:17:24","date_gmt":"2024-05-20T14:17:24","guid":{"rendered":"https:\/\/prefeitura.santarosa.rs.gov.br\/?p=10404"},"modified":"2024-10-07T09:51:07","modified_gmt":"2024-10-07T12:51:07","slug":"dia-d-de-multivacinacao-vai-acontecer-no-proximo-sabado","status":"publish","type":"post","link":"https:\/\/prefeitura.santarosa.rs.gov.br\/?p=10404","title":{"rendered":"<strong>Dia D de Multivacina\u00e7\u00e3o vai acontecer no pr\u00f3ximo s\u00e1bado<\/strong>"},"content":{"rendered":"\n<figure class=\"wp-block-image size-full\"><img fetchpriority=\"high\" decoding=\"async\" width=\"860\" height=\"645\" src=\"https:\/\/prefeitura.santarosa.rs.gov.br\/wp-content\/uploads\/2024\/05\/Formato-Site-e-Portal-860X645-JPG-2024-05-20T111637.903.jpg\" alt=\"\" class=\"wp-image-10405\" srcset=\"https:\/\/prefeitura.santarosa.rs.gov.br\/wp-content\/uploads\/2024\/05\/Formato-Site-e-Portal-860X645-JPG-2024-05-20T111637.903.jpg 860w, https:\/\/prefeitura.santarosa.rs.gov.br\/wp-content\/uploads\/2024\/05\/Formato-Site-e-Portal-860X645-JPG-2024-05-20T111637.903-300x225.jpg 300w, https:\/\/prefeitura.santarosa.rs.gov.br\/wp-content\/uploads\/2024\/05\/Formato-Site-e-Portal-860X645-JPG-2024-05-20T111637.903-768x576.jpg 768w\" sizes=\"(max-width: 860px) 100vw, 860px\" \/><\/figure>\n\n\n\n<p>A Funda\u00e7\u00e3o Municipal de Sa\u00fade de Santa Rosa vai realizar no pr\u00f3ximo s\u00e1bado (25\/05), o Dia D de Multivacina\u00e7\u00e3o para todas as idades. A imuniza\u00e7\u00e3o vai ser realizada nas Unidades B\u00e1sicas de Sa\u00fade, das 08h \u00e0s 12h. V\u00e3o ser realizadas as vacinas contra a Influenza (Gripe) e as demais aplica\u00e7\u00f5es do Calend\u00e1rio Vacinal. O objetivo da a\u00e7\u00e3o \u00e9 aumentar a cobertura da vacina\u00e7\u00e3o contra a gripe e realizar as doses que est\u00e3o em atraso.<\/p>\n\n\n\n<p>Durante o Dia D, as equipes das UBSs ir\u00e3o revisar as cadernetas de vacina\u00e7\u00e3o. Todas as vacinas que fazem parte do Programa Nacional de Imuniza\u00e7\u00f5es \u2013 PNI, v\u00e3o estar dispon\u00edveis para aplica\u00e7\u00e3o. A Diretora de Aten\u00e7\u00e3o Prim\u00e1ria \u00e0 Sa\u00fade, Dra. Fabiana Breitenbach, faz um alerta sobre a import\u00e2ncia de manter em dia as vacinas, \u201cA vacina\u00e7\u00e3o \u00e9 o m\u00e9todo mais eficaz que temos de nos proteger e prevenir doen\u00e7as. Queremos chamar a aten\u00e7\u00e3o da popula\u00e7\u00e3o para que aproveite esta a\u00e7\u00e3o espec\u00edfica no s\u00e1bado e realize sua imuniza\u00e7\u00e3o\u201d.<\/p>\n\n\n\n<p>Desde o dia 08\/05, a vacina\u00e7\u00e3o contra gripe foi liberada para toda a popula\u00e7\u00e3o, a partir dos 6 meses de idade. As doses ofertadas s\u00e3o trivalentes, ou seja, protegem contra influenza A (H1N1 e H3N2) e o influenza B. \u00c9 importante lembrar que n\u00e3o h\u00e1 impedimento em receber, no mesmo dia, a vacina contra a gripe juntamente com outras vacinas. No momento da vacina\u00e7\u00e3o, \u00e9 indispens\u00e1vel que seja apresentado o documento de identifica\u00e7\u00e3o com foto, CPF e a caderneta de vacina\u00e7\u00e3o.<\/p>\n","protected":false},"excerpt":{"rendered":"<p>A Funda\u00e7\u00e3o Municipal de Sa\u00fade de Santa Rosa vai realizar no pr\u00f3ximo s\u00e1bado (25\/05), o Dia D de Multivacina\u00e7\u00e3o para<\/p>\n","protected":false},"author":6,"featured_media":10406,"comment_status":"closed","ping_status":"closed","sticky":false,"template":"","format":"standard","meta":{"footnotes":""},"categories":[4,8],"tags":[],"class_list":["post-10404","post","type-post","status-publish","format-standard","has-post-thumbnail","hentry","category-noticias","category-noticias-fumssar"],"aioseo_notices":[],"_links":{"self":[{"href":"https:\/\/prefeitura.santarosa.rs.gov.br\/index.php?rest_route=\/wp\/v2\/posts\/10404","targetHints":{"allow":["GET"]}}],"collection":[{"href":"https:\/\/prefeitura.santarosa.rs.gov.br\/index.php?rest_route=\/wp\/v2\/posts"}],"about":[{"href":"https:\/\/prefeitura.santarosa.rs.gov.br\/index.php?rest_route=\/wp\/v2\/types\/post"}],"author":[{"embeddable":true,"href":"https:\/\/prefeitura.santarosa.rs.gov.br\/index.php?rest_route=\/wp\/v2\/users\/6"}],"replies":[{"embeddable":true,"href":"https:\/\/prefeitura.santarosa.rs.gov.br\/index.php?rest_route=%2Fwp%2Fv2%2Fcomments&post=10404"}],"version-history":[{"count":1,"href":"https:\/\/prefeitura.santarosa.rs.gov.br\/index.php?rest_route=\/wp\/v2\/posts\/10404\/revisions"}],"predecessor-version":[{"id":10407,"href":"https:\/\/prefeitura.santarosa.rs.gov.br\/index.php?rest_route=\/wp\/v2\/posts\/10404\/revisions\/10407"}],"wp:featuredmedia":[{"embeddable":true,"href":"https:\/\/prefeitura.santarosa.rs.gov.br\/index.php?rest_route=\/wp\/v2\/media\/10406"}],"wp:attachment":[{"href":"https:\/\/prefeitura.santarosa.rs.gov.br\/index.php?rest_route=%2Fwp%2Fv2%2Fmedia&parent=10404"}],"wp:term":[{"taxonomy":"category","embeddable":true,"href":"https:\/\/prefeitura.santarosa.rs.gov.br\/index.php?rest_route=%2Fwp%2Fv2%2Fcategories&post=10404"},{"taxonomy":"post_tag","embeddable":true,"href":"https:\/\/prefeitura.santarosa.rs.gov.br\/index.php?rest_route=%2Fwp%2Fv2%2Ftags&post=10404"}],"curies":[{"name":"wp","href":"https:\/\/api.w.org\/{rel}","templated":true}]}}