{"id":10387,"date":"2024-05-17T08:52:11","date_gmt":"2024-05-17T11:52:11","guid":{"rendered":"https:\/\/prefeitura.santarosa.rs.gov.br\/?p=10387"},"modified":"2024-10-07T09:51:07","modified_gmt":"2024-10-07T12:51:07","slug":"2o-encontro-com-avos-foi-promovido-pelo-ceu-das-artes","status":"publish","type":"post","link":"https:\/\/prefeitura.santarosa.rs.gov.br\/?p=10387","title":{"rendered":"<strong>2\u00ba Encontro com Av\u00f3s foi promovido pelo CEU das Artes<\/strong>"},"content":{"rendered":"\n<figure class=\"wp-block-image size-full\"><img fetchpriority=\"high\" decoding=\"async\" width=\"860\" height=\"645\" src=\"https:\/\/prefeitura.santarosa.rs.gov.br\/wp-content\/uploads\/2024\/05\/Formato-Site-e-Portal-860X645-JPG-2024-05-17T084702.340.jpg\" alt=\"\" class=\"wp-image-10388\" srcset=\"https:\/\/prefeitura.santarosa.rs.gov.br\/wp-content\/uploads\/2024\/05\/Formato-Site-e-Portal-860X645-JPG-2024-05-17T084702.340.jpg 860w, https:\/\/prefeitura.santarosa.rs.gov.br\/wp-content\/uploads\/2024\/05\/Formato-Site-e-Portal-860X645-JPG-2024-05-17T084702.340-300x225.jpg 300w, https:\/\/prefeitura.santarosa.rs.gov.br\/wp-content\/uploads\/2024\/05\/Formato-Site-e-Portal-860X645-JPG-2024-05-17T084702.340-768x576.jpg 768w\" sizes=\"(max-width: 860px) 100vw, 860px\" \/><\/figure>\n\n\n\n<p>O Centro de Artes e Esportes Unificados \u2013 CEU das Artes, realizou na \u00faltima semana, o 2\u00ba Encontro com Av\u00f3s. As crian\u00e7as e adolescentes que frequentam as oficinas e cursos ofertados pela Prefeitura, convidaram os av\u00f3s para passar um dia especial no local. Atrav\u00e9s de muita divers\u00e3o, dan\u00e7as, apresenta\u00e7\u00f5es e brincadeiras, a a\u00e7\u00e3o promoveu uma importante troca de experi\u00eancias entre gera\u00e7\u00f5es. Mais de 60 pessoas participaram da atividade.<\/p>\n\n\n\n<p>Na oportunidade, os alunos da Oficina de Dan\u00e7a e do Programa Karat\u00ea Para Todos realizaram apresenta\u00e7\u00f5es. Logo ap\u00f3s, os idosos e as crian\u00e7as compartilharam um delicioso lanche. O Coordenador do CEU das Artes, J\u00falio dos Santos, destacou que a a\u00e7\u00e3o teve como objetivo valorizar os av\u00f3s e fortalecer ainda mais o v\u00ednculo com os netos, \u201cPreparamos essa atividade com muito carinho e mais uma vez foi um sucesso. Conseguimos ver o quanto os av\u00f3s s\u00e3o importantes na vida das crian\u00e7as e o quanto \u00e9 importante valorizar esse la\u00e7o familiar\u201d.<\/p>\n\n\n\n<p>O Centro de Artes e Esportes Unificados fica localizado na Rua S\u00e3o Jo\u00e3o, n\u00ba 30, no bairro Cruzeiro. No momento, s\u00e3o realizados no espa\u00e7o diversos cursos e oficinas: karat\u00ea, inform\u00e1tica, dan\u00e7as urbanas, bal\u00e9, escolinha de futsal e esportes radicais. Para mais informa\u00e7\u00f5es sobre inscri\u00e7\u00f5es e hor\u00e1rios, entrar em contato nos telefones: (55) 3511-5133 ou (55) 9.9229-7243.<\/p>\n","protected":false},"excerpt":{"rendered":"<p>O Centro de Artes e Esportes Unificados \u2013 CEU das Artes, realizou na \u00faltima semana, o 2\u00ba Encontro com Av\u00f3s.<\/p>\n","protected":false},"author":6,"featured_media":10389,"comment_status":"closed","ping_status":"closed","sticky":false,"template":"","format":"standard","meta":{"footnotes":""},"categories":[4,19],"tags":[],"class_list":["post-10387","post","type-post","status-publish","format-standard","has-post-thumbnail","hentry","category-noticias","category-secretaria-municipal-de-esporte"],"aioseo_notices":[],"_links":{"self":[{"href":"https:\/\/prefeitura.santarosa.rs.gov.br\/index.php?rest_route=\/wp\/v2\/posts\/10387","targetHints":{"allow":["GET"]}}],"collection":[{"href":"https:\/\/prefeitura.santarosa.rs.gov.br\/index.php?rest_route=\/wp\/v2\/posts"}],"about":[{"href":"https:\/\/prefeitura.santarosa.rs.gov.br\/index.php?rest_route=\/wp\/v2\/types\/post"}],"author":[{"embeddable":true,"href":"https:\/\/prefeitura.santarosa.rs.gov.br\/index.php?rest_route=\/wp\/v2\/users\/6"}],"replies":[{"embeddable":true,"href":"https:\/\/prefeitura.santarosa.rs.gov.br\/index.php?rest_route=%2Fwp%2Fv2%2Fcomments&post=10387"}],"version-history":[{"count":1,"href":"https:\/\/prefeitura.santarosa.rs.gov.br\/index.php?rest_route=\/wp\/v2\/posts\/10387\/revisions"}],"predecessor-version":[{"id":10390,"href":"https:\/\/prefeitura.santarosa.rs.gov.br\/index.php?rest_route=\/wp\/v2\/posts\/10387\/revisions\/10390"}],"wp:featuredmedia":[{"embeddable":true,"href":"https:\/\/prefeitura.santarosa.rs.gov.br\/index.php?rest_route=\/wp\/v2\/media\/10389"}],"wp:attachment":[{"href":"https:\/\/prefeitura.santarosa.rs.gov.br\/index.php?rest_route=%2Fwp%2Fv2%2Fmedia&parent=10387"}],"wp:term":[{"taxonomy":"category","embeddable":true,"href":"https:\/\/prefeitura.santarosa.rs.gov.br\/index.php?rest_route=%2Fwp%2Fv2%2Fcategories&post=10387"},{"taxonomy":"post_tag","embeddable":true,"href":"https:\/\/prefeitura.santarosa.rs.gov.br\/index.php?rest_route=%2Fwp%2Fv2%2Ftags&post=10387"}],"curies":[{"name":"wp","href":"https:\/\/api.w.org\/{rel}","templated":true}]}}