{"id":10321,"date":"2024-05-09T11:00:50","date_gmt":"2024-05-09T14:00:50","guid":{"rendered":"https:\/\/prefeitura.santarosa.rs.gov.br\/?p=10321"},"modified":"2024-10-07T09:51:07","modified_gmt":"2024-10-07T12:51:07","slug":"santa-rosa-se-mobiliza-para-auxiliar-as-pessoas-atingidas-pelas-chuvas","status":"publish","type":"post","link":"https:\/\/prefeitura.santarosa.rs.gov.br\/?p=10321","title":{"rendered":"<strong>Santa Rosa se mobiliza para auxiliar as pessoas atingidas pelas chuvas<\/strong>"},"content":{"rendered":"\n<figure class=\"wp-block-image size-full\"><img fetchpriority=\"high\" decoding=\"async\" width=\"860\" height=\"645\" src=\"https:\/\/prefeitura.santarosa.rs.gov.br\/wp-content\/uploads\/2024\/05\/Formato-Site-e-Portal-860X645-JPG-2024-05-09T105821.722.jpg\" alt=\"\" class=\"wp-image-10322\" srcset=\"https:\/\/prefeitura.santarosa.rs.gov.br\/wp-content\/uploads\/2024\/05\/Formato-Site-e-Portal-860X645-JPG-2024-05-09T105821.722.jpg 860w, https:\/\/prefeitura.santarosa.rs.gov.br\/wp-content\/uploads\/2024\/05\/Formato-Site-e-Portal-860X645-JPG-2024-05-09T105821.722-300x225.jpg 300w, https:\/\/prefeitura.santarosa.rs.gov.br\/wp-content\/uploads\/2024\/05\/Formato-Site-e-Portal-860X645-JPG-2024-05-09T105821.722-768x576.jpg 768w\" sizes=\"(max-width: 860px) 100vw, 860px\" \/><\/figure>\n\n\n\n<p>O Governo Municipal est\u00e1 em uma grande for\u00e7a tarefa para recuperar os estragos causados pelas fortes chuvas dos \u00faltimos dias. Desde a semana passada, equipes da Prefeitura, Defesa Civil, for\u00e7as de seguran\u00e7a, institui\u00e7\u00f5es do munic\u00edpio e volunt\u00e1rios est\u00e3o mobilizados para auxiliar as fam\u00edlias atingidas pela enchente, n\u00e3o s\u00f3 em Santa Rosa, mas tamb\u00e9m, de todo o Rio Grande do Sul. Diversas a\u00e7\u00f5es v\u00eam sendo realizadas, como mutir\u00f5es de limpeza, recolhimento de entulhos, recupera\u00e7\u00e3o de pontes e estradas do interior, al\u00e9m de v\u00e1rias campanhas de doa\u00e7\u00f5es para atender as demandas da cidade e do Estado.<\/p>\n\n\n\n<p>Muitas entidades junto com a Prefeitura se mobilizaram para arrecadar donativos para o munic\u00edpio de Canoas, um dos mais atingidos do Rio Grande do Sul. Foram arrecadados mais de 22 mil litros de \u00e1gua. Ao todo, 2 carretas e 3 caminh\u00f5es com 74 toneladas de doa\u00e7\u00f5es sa\u00edram de Santa Rosa. O Prefeito Anderson Mantei, destacou que em meio a tantas not\u00edcias tristes, \u00e9 poss\u00edvel ver a for\u00e7a do povo ga\u00facho, do voluntariado e a solidariedade das pessoas, \u201cEstamos unindo esfor\u00e7os para atender quem precisa de ajuda. Quero agradecer todas as pessoas que doaram em Santa Rosa e que est\u00e3o realizando doa\u00e7\u00f5es para as demais cidades do Estado. Unindo for\u00e7as, vamos conseguir ajudar esses nossos irm\u00e3os que est\u00e3o precisando\u201d.<\/p>\n\n\n\n<p>O Hospital Vida &amp; Sa\u00fade tamb\u00e9m est\u00e1 realizando o tratamento de pacientes da regi\u00e3o metropolitana. Foram recebidos em Santa Rosa, na UTI Pedi\u00e1trica, 2 beb\u00eas, um de Igrejinha e outro de Esteio. A institui\u00e7\u00e3o deve receber mais pessoas nesta semana e vai estar auxiliando os demais hospitais que est\u00e3o com alta demanda no Estado.<\/p>\n\n\n\n<p>As equipes da Secretaria de Obras, Secretaria de Desenvolvimento Social e Secretaria de Agricultura est\u00e3o realizando a\u00e7\u00f5es em toda a cidade e o interior. O servi\u00e7o de recolhimento de entulhos est\u00e1 sendo realizado no bairro Planalto, Vila Piekala, Vila Nova, Auxiliadora e Bom Sucesso. Al\u00e9m disso, 17 pontes e muitas estradas do interior foram danificadas. Dessas, 10 j\u00e1 foram recuperadas no final de semana e 07 seguem interditadas, pois s\u00e3o pontes que tiveram a estrutura destru\u00edda e precisam de um trabalho maior de reconstru\u00e7\u00e3o. Diversas localidades est\u00e3o sendo atendidas com os servi\u00e7os de recupera\u00e7\u00e3o das estradas. Nesta semana, as equipes atuam na Candeia Baixa, Lajeado Pessegueiro, Manchinha, Lajeado Reginaldo e outras comunidades que precisam dos servi\u00e7os de manuten\u00e7\u00e3o. A Central de Doa\u00e7\u00f5es est\u00e1 operando na Secretaria de Desenvolvimento Social: R. Minas Gerais, 86 \u2013 Centro. Muitas fam\u00edlias est\u00e3o sendo atendidas com roupas, alimentos, m\u00f3veis e eletrodom\u00e9sticos.<\/p>\n","protected":false},"excerpt":{"rendered":"<p>O Governo Municipal est\u00e1 em uma grande for\u00e7a tarefa para recuperar os estragos causados pelas fortes chuvas dos \u00faltimos dias.<\/p>\n","protected":false},"author":6,"featured_media":10323,"comment_status":"closed","ping_status":"closed","sticky":false,"template":"","format":"standard","meta":{"footnotes":""},"categories":[4,14,17,21,3],"tags":[],"class_list":["post-10321","post","type-post","status-publish","format-standard","has-post-thumbnail","hentry","category-noticias","category-secretaria-municipal-de-agricultura","category-secretaria-municipal-de-desenvolvimento-social","category-secretaria-municipal-de-obras","category-gabinete-do-prefeito"],"aioseo_notices":[],"_links":{"self":[{"href":"https:\/\/prefeitura.santarosa.rs.gov.br\/index.php?rest_route=\/wp\/v2\/posts\/10321","targetHints":{"allow":["GET"]}}],"collection":[{"href":"https:\/\/prefeitura.santarosa.rs.gov.br\/index.php?rest_route=\/wp\/v2\/posts"}],"about":[{"href":"https:\/\/prefeitura.santarosa.rs.gov.br\/index.php?rest_route=\/wp\/v2\/types\/post"}],"author":[{"embeddable":true,"href":"https:\/\/prefeitura.santarosa.rs.gov.br\/index.php?rest_route=\/wp\/v2\/users\/6"}],"replies":[{"embeddable":true,"href":"https:\/\/prefeitura.santarosa.rs.gov.br\/index.php?rest_route=%2Fwp%2Fv2%2Fcomments&post=10321"}],"version-history":[{"count":1,"href":"https:\/\/prefeitura.santarosa.rs.gov.br\/index.php?rest_route=\/wp\/v2\/posts\/10321\/revisions"}],"predecessor-version":[{"id":10324,"href":"https:\/\/prefeitura.santarosa.rs.gov.br\/index.php?rest_route=\/wp\/v2\/posts\/10321\/revisions\/10324"}],"wp:featuredmedia":[{"embeddable":true,"href":"https:\/\/prefeitura.santarosa.rs.gov.br\/index.php?rest_route=\/wp\/v2\/media\/10323"}],"wp:attachment":[{"href":"https:\/\/prefeitura.santarosa.rs.gov.br\/index.php?rest_route=%2Fwp%2Fv2%2Fmedia&parent=10321"}],"wp:term":[{"taxonomy":"category","embeddable":true,"href":"https:\/\/prefeitura.santarosa.rs.gov.br\/index.php?rest_route=%2Fwp%2Fv2%2Fcategories&post=10321"},{"taxonomy":"post_tag","embeddable":true,"href":"https:\/\/prefeitura.santarosa.rs.gov.br\/index.php?rest_route=%2Fwp%2Fv2%2Ftags&post=10321"}],"curies":[{"name":"wp","href":"https:\/\/api.w.org\/{rel}","templated":true}]}}