{"id":10277,"date":"2024-05-05T12:57:25","date_gmt":"2024-05-05T15:57:25","guid":{"rendered":"https:\/\/prefeitura.santarosa.rs.gov.br\/?p=10277"},"modified":"2024-10-07T09:51:07","modified_gmt":"2024-10-07T12:51:07","slug":"central-de-doacoes-ira-funcionar-em-novo-endereco-a-partir-desta-segunda-feira","status":"publish","type":"post","link":"https:\/\/prefeitura.santarosa.rs.gov.br\/?p=10277","title":{"rendered":"<strong>Central de Doa\u00e7\u00f5es ir\u00e1 funcionar em novo endere\u00e7o a partir desta segunda-feira<\/strong>"},"content":{"rendered":"\n<p><em>Os donativos ser\u00e3o recebidos na Secretaria de Desenvolvimento Social<\/em><\/p>\n\n\n\n<figure class=\"wp-block-image size-full\"><img fetchpriority=\"high\" decoding=\"async\" width=\"860\" height=\"645\" src=\"https:\/\/prefeitura.santarosa.rs.gov.br\/wp-content\/uploads\/2024\/05\/Formato-Site-e-Portal-860X645-JPG-12.jpg\" alt=\"\" class=\"wp-image-10278\" srcset=\"https:\/\/prefeitura.santarosa.rs.gov.br\/wp-content\/uploads\/2024\/05\/Formato-Site-e-Portal-860X645-JPG-12.jpg 860w, https:\/\/prefeitura.santarosa.rs.gov.br\/wp-content\/uploads\/2024\/05\/Formato-Site-e-Portal-860X645-JPG-12-300x225.jpg 300w, https:\/\/prefeitura.santarosa.rs.gov.br\/wp-content\/uploads\/2024\/05\/Formato-Site-e-Portal-860X645-JPG-12-768x576.jpg 768w\" sizes=\"(max-width: 860px) 100vw, 860px\" \/><\/figure>\n\n\n\n<p>A Prefeitura de Santa Rosa informa a popula\u00e7\u00e3o altera\u00e7\u00f5es na Central de Doa\u00e7\u00f5es do munic\u00edpio. A partir desta segunda-feira (06), o recebimento de donativos vai ser realizado na Secretaria de Desenvolvimento Social. A mudan\u00e7a ocorre para facilitar a distribui\u00e7\u00e3o dos itens e melhor atender a popula\u00e7\u00e3o. Mais de 430 fam\u00edlias j\u00e1 foram beneficiadas com mantimentos, materiais de limpeza e higiene pessoal, fraldas, roupas, cal\u00e7ados, cobertores, colch\u00f5es, roupas de cama e banho, entre outros materiais. Neste domingo (05), as doa\u00e7\u00f5es ainda est\u00e3o sendo recebidas, at\u00e9 \u00e0s 17h, no Sal\u00e3o Paroquial da Igreja Matriz.<\/p>\n\n\n\n<p>Equipes da Prefeitura e volunt\u00e1rios est\u00e3o em uma for\u00e7a tarefa, recebendo os materiais, realizando a triagem e entregando as doa\u00e7\u00f5es para as fam\u00edlias necessitadas. A partir de segunda (06\/05), as pessoas que ainda n\u00e3o foram beneficiadas e precisarem de alguma ajuda devem procurar o CRAS da sua comunidade para registrar a demanda. A Secret\u00e1ria de Desenvolvimento Social, Taisa Boelter, destaca como vai funcionar o atendimento, \u201cO respons\u00e1vel pela fam\u00edlia vai at\u00e9 o CRAS, faz a solicita\u00e7\u00e3o que ser\u00e1 registrada em sistema e ap\u00f3s, a equipe t\u00e9cnica ir\u00e1 realizar visitas domiciliares. Al\u00e9m disso, nossa equipe ir\u00e1 montar cestas b\u00e1sicas e distribuir a partir de um levantamento das necessidades\u201d.<\/p>\n\n\n\n<p>O objetivo da Central de Doa\u00e7\u00f5es \u00e9 auxiliar as fam\u00edlias atingidas pelas fortes chuvas dos \u00faltimos dias. No momento, s\u00e3o itens priorit\u00e1rios: colch\u00f5es, travesseiros, cobertores e edredons, roupas de cama, toalhas de rosto e de banho, alimentos n\u00e3o perec\u00edveis, ra\u00e7\u00e3o para pet, materiais de limpeza e itens de higiene pessoal. Segundo a Defesa Civil foram registrados no munic\u00edpio, 130 mm de chuva neste s\u00e1bado (04), at\u00e9 o final da tarde. Todas as secretarias est\u00e3o priorizando as a\u00e7\u00f5es para resolver o quanto antes os diversos problemas ocasionados pelas enchentes. Diversos pontos da cidade foram atendidos pelas equipes da Secretaria de Obras, Secretaria de Agricultura, Secretaria de Desenvolvimento Social e Secretaria de Mobilidade Urbana. Foram removidos entulhos nos bairros e executados os servi\u00e7os de limpeza e manuten\u00e7\u00e3o.<\/p>\n\n\n\n<p>O atendimento da Central de Doa\u00e7\u00f5es vai ser de segunda a sexta-feira, das 07h30min \u00e0s 11h30min e das 13h30min \u00e0s 17h30min. Segue abaixo, o endere\u00e7o: Secretaria de Desenvolvimento Social: R. Minas Gerais, 86 \u2013 Centro. Mais informa\u00e7\u00f5es: (55) 3511-5110.<\/p>\n","protected":false},"excerpt":{"rendered":"<p>Os donativos ser\u00e3o recebidos na Secretaria de Desenvolvimento Social A Prefeitura de Santa Rosa informa a popula\u00e7\u00e3o altera\u00e7\u00f5es na Central<\/p>\n","protected":false},"author":6,"featured_media":10279,"comment_status":"closed","ping_status":"closed","sticky":false,"template":"","format":"standard","meta":{"footnotes":""},"categories":[4,17],"tags":[],"class_list":["post-10277","post","type-post","status-publish","format-standard","has-post-thumbnail","hentry","category-noticias","category-secretaria-municipal-de-desenvolvimento-social"],"aioseo_notices":[],"_links":{"self":[{"href":"https:\/\/prefeitura.santarosa.rs.gov.br\/index.php?rest_route=\/wp\/v2\/posts\/10277","targetHints":{"allow":["GET"]}}],"collection":[{"href":"https:\/\/prefeitura.santarosa.rs.gov.br\/index.php?rest_route=\/wp\/v2\/posts"}],"about":[{"href":"https:\/\/prefeitura.santarosa.rs.gov.br\/index.php?rest_route=\/wp\/v2\/types\/post"}],"author":[{"embeddable":true,"href":"https:\/\/prefeitura.santarosa.rs.gov.br\/index.php?rest_route=\/wp\/v2\/users\/6"}],"replies":[{"embeddable":true,"href":"https:\/\/prefeitura.santarosa.rs.gov.br\/index.php?rest_route=%2Fwp%2Fv2%2Fcomments&post=10277"}],"version-history":[{"count":1,"href":"https:\/\/prefeitura.santarosa.rs.gov.br\/index.php?rest_route=\/wp\/v2\/posts\/10277\/revisions"}],"predecessor-version":[{"id":10280,"href":"https:\/\/prefeitura.santarosa.rs.gov.br\/index.php?rest_route=\/wp\/v2\/posts\/10277\/revisions\/10280"}],"wp:featuredmedia":[{"embeddable":true,"href":"https:\/\/prefeitura.santarosa.rs.gov.br\/index.php?rest_route=\/wp\/v2\/media\/10279"}],"wp:attachment":[{"href":"https:\/\/prefeitura.santarosa.rs.gov.br\/index.php?rest_route=%2Fwp%2Fv2%2Fmedia&parent=10277"}],"wp:term":[{"taxonomy":"category","embeddable":true,"href":"https:\/\/prefeitura.santarosa.rs.gov.br\/index.php?rest_route=%2Fwp%2Fv2%2Fcategories&post=10277"},{"taxonomy":"post_tag","embeddable":true,"href":"https:\/\/prefeitura.santarosa.rs.gov.br\/index.php?rest_route=%2Fwp%2Fv2%2Ftags&post=10277"}],"curies":[{"name":"wp","href":"https:\/\/api.w.org\/{rel}","templated":true}]}}