{"id":10273,"date":"2024-05-04T13:50:02","date_gmt":"2024-05-04T16:50:02","guid":{"rendered":"https:\/\/prefeitura.santarosa.rs.gov.br\/?p=10273"},"modified":"2024-10-07T09:51:07","modified_gmt":"2024-10-07T12:51:07","slug":"prefeitura-segue-arrecadando-donativos-para-as-familias-atingidas-pela-chuva","status":"publish","type":"post","link":"https:\/\/prefeitura.santarosa.rs.gov.br\/?p=10273","title":{"rendered":"<strong>Prefeitura segue arrecadando donativos para as fam\u00edlias atingidas pela chuva<\/strong>"},"content":{"rendered":"\n<p><em>Mais de mil pessoas j\u00e1 foram beneficiadas atrav\u00e9s da Central de Doa\u00e7\u00f5es<\/em><\/p>\n\n\n\n<figure class=\"wp-block-image size-full\"><img fetchpriority=\"high\" decoding=\"async\" width=\"860\" height=\"645\" src=\"https:\/\/prefeitura.santarosa.rs.gov.br\/wp-content\/uploads\/2024\/05\/Formato-Site-e-Portal-860X645-JPG-10.jpg\" alt=\"\" class=\"wp-image-10274\" srcset=\"https:\/\/prefeitura.santarosa.rs.gov.br\/wp-content\/uploads\/2024\/05\/Formato-Site-e-Portal-860X645-JPG-10.jpg 860w, https:\/\/prefeitura.santarosa.rs.gov.br\/wp-content\/uploads\/2024\/05\/Formato-Site-e-Portal-860X645-JPG-10-300x225.jpg 300w, https:\/\/prefeitura.santarosa.rs.gov.br\/wp-content\/uploads\/2024\/05\/Formato-Site-e-Portal-860X645-JPG-10-768x576.jpg 768w\" sizes=\"(max-width: 860px) 100vw, 860px\" \/><\/figure>\n\n\n\n<p>O Governo Municipal estabeleceu na quinta-feira (02), um ponto central para doa\u00e7\u00f5es em Santa Rosa. O objetivo da a\u00e7\u00e3o \u00e9 auxiliar as fam\u00edlias atingidas pelas fortes chuvas dos \u00faltimos dias. Equipes da Prefeitura e volunt\u00e1rios est\u00e3o recebendo os materiais todos os dias, no Sal\u00e3o Paroquial da Igreja Matriz, das 08h \u00e0s 21h. At\u00e9 o momento, mais de mil pessoas j\u00e1 foram beneficiadas com os donativos. Segundo a Defesa Civil foram registrados no munic\u00edpio, 70 mm de chuva na madrugada deste s\u00e1bado (04), at\u00e9 o in\u00edcio da manh\u00e3.<\/p>\n\n\n\n<p>A Secretaria de Desenvolvimento Social est\u00e1 auxiliando as fam\u00edlias que precisam de doa\u00e7\u00f5es. No momento, s\u00e3o itens priorit\u00e1rios: colch\u00f5es de todos os tamanhos, travesseiros, cobertores e edredons, roupas de cama, toalhas de rosto e de banho, materiais de limpeza e itens de higiene pessoal. Cerca de 260 fam\u00edlias j\u00e1 foram atendidas pela Central de Doa\u00e7\u00f5es. Todas as equipes da Prefeitura em conjunto com as for\u00e7as de seguran\u00e7a e outras institui\u00e7\u00f5es do munic\u00edpio est\u00e3o priorizando as a\u00e7\u00f5es para resolver, o quanto antes, os diversos problemas ocasionados pelas enchentes.<\/p>\n\n\n\n<p>A Defesa Civil alerta a popula\u00e7\u00e3o para alguns cuidados necess\u00e1rios que as fam\u00edlias devem ter ao retornar para casa. Ao realizar a limpeza da resid\u00eancia, utilizar luvas e botas. Aten\u00e7\u00e3o tamb\u00e9m, para estruturas afetadas, paredes e muros parcialmente destru\u00eddos. N\u00e3o ligar eletrodom\u00e9sticos se estiverem molhados para evitar choque el\u00e9trico e cuidar com o aparecimento de algum tipo de animal pe\u00e7onhento. O vice-prefeito, Aldemir Ulrich, destaca que at\u00e9 o momento, o n\u00edvel dos rios est\u00e1 2 metros abaixo do n\u00edvel e pede para que a popula\u00e7\u00e3o continue em seguran\u00e7a, \u201cNeste momento em que muitas fam\u00edlias j\u00e1 retornaram para suas casas, \u00e9 necess\u00e1rio ter alguns cuidados para evitar acidentes. Nossas equipes est\u00e3o atendendo os moradores atingidos e estamos atentos para atender as demandas da popula\u00e7\u00e3o\u201d.<\/p>\n\n\n\n<p>As pessoas que tiverem m\u00f3veis para descarte podem deixar na frente das casas, que a Secretaria de Obras vai passar recolher nos bairros. A Prefeitura de Santa Rosa emitiu ontem, o decreto n\u00ba 64\/2024, que declara situa\u00e7\u00e3o de emerg\u00eancia no munic\u00edpio devido a anormalidade nas \u00e1reas urbana e rural afetadas pelos eventos clim\u00e1ticos de chuvas intensas.<\/p>\n","protected":false},"excerpt":{"rendered":"<p>Mais de mil pessoas j\u00e1 foram beneficiadas atrav\u00e9s da Central de Doa\u00e7\u00f5es O Governo Municipal estabeleceu na quinta-feira (02), um<\/p>\n","protected":false},"author":6,"featured_media":10275,"comment_status":"closed","ping_status":"closed","sticky":false,"template":"","format":"standard","meta":{"footnotes":""},"categories":[4,9],"tags":[],"class_list":["post-10273","post","type-post","status-publish","format-standard","has-post-thumbnail","hentry","category-noticias","category-gabinete-do-vice-prefeito"],"aioseo_notices":[],"_links":{"self":[{"href":"https:\/\/prefeitura.santarosa.rs.gov.br\/index.php?rest_route=\/wp\/v2\/posts\/10273","targetHints":{"allow":["GET"]}}],"collection":[{"href":"https:\/\/prefeitura.santarosa.rs.gov.br\/index.php?rest_route=\/wp\/v2\/posts"}],"about":[{"href":"https:\/\/prefeitura.santarosa.rs.gov.br\/index.php?rest_route=\/wp\/v2\/types\/post"}],"author":[{"embeddable":true,"href":"https:\/\/prefeitura.santarosa.rs.gov.br\/index.php?rest_route=\/wp\/v2\/users\/6"}],"replies":[{"embeddable":true,"href":"https:\/\/prefeitura.santarosa.rs.gov.br\/index.php?rest_route=%2Fwp%2Fv2%2Fcomments&post=10273"}],"version-history":[{"count":1,"href":"https:\/\/prefeitura.santarosa.rs.gov.br\/index.php?rest_route=\/wp\/v2\/posts\/10273\/revisions"}],"predecessor-version":[{"id":10276,"href":"https:\/\/prefeitura.santarosa.rs.gov.br\/index.php?rest_route=\/wp\/v2\/posts\/10273\/revisions\/10276"}],"wp:featuredmedia":[{"embeddable":true,"href":"https:\/\/prefeitura.santarosa.rs.gov.br\/index.php?rest_route=\/wp\/v2\/media\/10275"}],"wp:attachment":[{"href":"https:\/\/prefeitura.santarosa.rs.gov.br\/index.php?rest_route=%2Fwp%2Fv2%2Fmedia&parent=10273"}],"wp:term":[{"taxonomy":"category","embeddable":true,"href":"https:\/\/prefeitura.santarosa.rs.gov.br\/index.php?rest_route=%2Fwp%2Fv2%2Fcategories&post=10273"},{"taxonomy":"post_tag","embeddable":true,"href":"https:\/\/prefeitura.santarosa.rs.gov.br\/index.php?rest_route=%2Fwp%2Fv2%2Ftags&post=10273"}],"curies":[{"name":"wp","href":"https:\/\/api.w.org\/{rel}","templated":true}]}}