{"id":10224,"date":"2024-05-02T14:09:21","date_gmt":"2024-05-02T17:09:21","guid":{"rendered":"https:\/\/prefeitura.santarosa.rs.gov.br\/?p=10224"},"modified":"2024-10-07T09:51:07","modified_gmt":"2024-10-07T12:51:07","slug":"alerta-para-possivel-rompimento-do-lago-do-cisne","status":"publish","type":"post","link":"https:\/\/prefeitura.santarosa.rs.gov.br\/?p=10224","title":{"rendered":"<strong>Alerta para poss\u00edvel rompimento do lago do Cisne<\/strong>"},"content":{"rendered":"\n<figure class=\"wp-block-image size-full\"><img fetchpriority=\"high\" decoding=\"async\" width=\"860\" height=\"645\" src=\"https:\/\/prefeitura.santarosa.rs.gov.br\/wp-content\/uploads\/2024\/05\/Formato-Site-e-Portal-860X645-JPG-2024-05-02T140720.852.jpg\" alt=\"\" class=\"wp-image-10225\" srcset=\"https:\/\/prefeitura.santarosa.rs.gov.br\/wp-content\/uploads\/2024\/05\/Formato-Site-e-Portal-860X645-JPG-2024-05-02T140720.852.jpg 860w, https:\/\/prefeitura.santarosa.rs.gov.br\/wp-content\/uploads\/2024\/05\/Formato-Site-e-Portal-860X645-JPG-2024-05-02T140720.852-300x225.jpg 300w, https:\/\/prefeitura.santarosa.rs.gov.br\/wp-content\/uploads\/2024\/05\/Formato-Site-e-Portal-860X645-JPG-2024-05-02T140720.852-768x576.jpg 768w\" sizes=\"(max-width: 860px) 100vw, 860px\" \/><\/figure>\n\n\n\n<p>Equipes da Prefeitura, Defesa Civil, Brigada Militar e Corpo de Bombeiros est\u00e3o atuando para evitar o rompimento de um lago localizado na sede campestre do Cisne. No momento, est\u00e1 sendo realizado um trabalho de desobstru\u00e7\u00e3o dos canos para dar maior vaz\u00e3o da \u00e1gua e tamb\u00e9m est\u00e3o sendo criadas valas alternativas para diminuir a press\u00e3o. \u00c9 fundamental que os moradores que residem pr\u00f3ximo da sede, deixem o local. O alerta \u00e9 direcionado, principalmente, aos moradores da Auxiliadora, Auxiliadora II, Bom Sucesso e Bom Retiro.<\/p>\n","protected":false},"excerpt":{"rendered":"<p>Equipes da Prefeitura, Defesa Civil, Brigada Militar e Corpo de Bombeiros est\u00e3o atuando para evitar o rompimento de um lago<\/p>\n","protected":false},"author":6,"featured_media":10226,"comment_status":"closed","ping_status":"closed","sticky":false,"template":"","format":"standard","meta":{"footnotes":""},"categories":[4,9],"tags":[],"class_list":["post-10224","post","type-post","status-publish","format-standard","has-post-thumbnail","hentry","category-noticias","category-gabinete-do-vice-prefeito"],"aioseo_notices":[],"_links":{"self":[{"href":"https:\/\/prefeitura.santarosa.rs.gov.br\/index.php?rest_route=\/wp\/v2\/posts\/10224","targetHints":{"allow":["GET"]}}],"collection":[{"href":"https:\/\/prefeitura.santarosa.rs.gov.br\/index.php?rest_route=\/wp\/v2\/posts"}],"about":[{"href":"https:\/\/prefeitura.santarosa.rs.gov.br\/index.php?rest_route=\/wp\/v2\/types\/post"}],"author":[{"embeddable":true,"href":"https:\/\/prefeitura.santarosa.rs.gov.br\/index.php?rest_route=\/wp\/v2\/users\/6"}],"replies":[{"embeddable":true,"href":"https:\/\/prefeitura.santarosa.rs.gov.br\/index.php?rest_route=%2Fwp%2Fv2%2Fcomments&post=10224"}],"version-history":[{"count":1,"href":"https:\/\/prefeitura.santarosa.rs.gov.br\/index.php?rest_route=\/wp\/v2\/posts\/10224\/revisions"}],"predecessor-version":[{"id":10227,"href":"https:\/\/prefeitura.santarosa.rs.gov.br\/index.php?rest_route=\/wp\/v2\/posts\/10224\/revisions\/10227"}],"wp:featuredmedia":[{"embeddable":true,"href":"https:\/\/prefeitura.santarosa.rs.gov.br\/index.php?rest_route=\/wp\/v2\/media\/10226"}],"wp:attachment":[{"href":"https:\/\/prefeitura.santarosa.rs.gov.br\/index.php?rest_route=%2Fwp%2Fv2%2Fmedia&parent=10224"}],"wp:term":[{"taxonomy":"category","embeddable":true,"href":"https:\/\/prefeitura.santarosa.rs.gov.br\/index.php?rest_route=%2Fwp%2Fv2%2Fcategories&post=10224"},{"taxonomy":"post_tag","embeddable":true,"href":"https:\/\/prefeitura.santarosa.rs.gov.br\/index.php?rest_route=%2Fwp%2Fv2%2Ftags&post=10224"}],"curies":[{"name":"wp","href":"https:\/\/api.w.org\/{rel}","templated":true}]}}