{"id":10201,"date":"2024-04-30T15:17:08","date_gmt":"2024-04-30T18:17:08","guid":{"rendered":"https:\/\/prefeitura.santarosa.rs.gov.br\/?p=10201"},"modified":"2024-10-07T09:51:07","modified_gmt":"2024-10-07T12:51:07","slug":"programa-troca-troca-de-sementes-de-milho-e-sorgo-safra-2024-2025","status":"publish","type":"post","link":"https:\/\/prefeitura.santarosa.rs.gov.br\/?p=10201","title":{"rendered":"<strong>Programa troca-troca de sementes de milho e sorgo safra 2024\/2025<\/strong>"},"content":{"rendered":"\n<figure class=\"wp-block-image size-full\"><img fetchpriority=\"high\" decoding=\"async\" width=\"860\" height=\"645\" src=\"https:\/\/prefeitura.santarosa.rs.gov.br\/wp-content\/uploads\/2024\/04\/Formato-Site-e-Portal-860X645-JPG-2024-04-30T151621.202.jpg\" alt=\"\" class=\"wp-image-10202\" srcset=\"https:\/\/prefeitura.santarosa.rs.gov.br\/wp-content\/uploads\/2024\/04\/Formato-Site-e-Portal-860X645-JPG-2024-04-30T151621.202.jpg 860w, https:\/\/prefeitura.santarosa.rs.gov.br\/wp-content\/uploads\/2024\/04\/Formato-Site-e-Portal-860X645-JPG-2024-04-30T151621.202-300x225.jpg 300w, https:\/\/prefeitura.santarosa.rs.gov.br\/wp-content\/uploads\/2024\/04\/Formato-Site-e-Portal-860X645-JPG-2024-04-30T151621.202-768x576.jpg 768w\" sizes=\"(max-width: 860px) 100vw, 860px\" \/><\/figure>\n\n\n\n<p>A Prefeitura de Santa Rosa atrav\u00e9s da Secretaria de Agricultura, informa que est\u00e3o dispon\u00edveis as reservas de sementes de milho e sorgo para a safra 2024\/2025. O objetivo do programa \u00e9 atender os agricultores do munic\u00edpio. O prazo final para fazer o pedido \u00e9 at\u00e9 o dia 17 de maio.<\/p>\n\n\n\n<p>Os produtores podem receber h\u00edbridos de milho convencionais e com a tecnologia transg\u00eanica, al\u00e9m de sementes de sorgo. O Secret\u00e1rio de Agricultura, Gerson Karkow, explica como funciona o programa, \u201cCada agricultor pode reservar at\u00e9 06 sacas de sementes, sendo que o prazo para o pagamento ser\u00e1 no m\u00eas de abril de 2025. Aqueles que optarem pelo milho transg\u00eanico dever\u00e3o realizar o pagamento no momento do pedido\u201d.<\/p>\n\n\n\n<p>Os interessados devem comparecer na Secretaria de Agricultura para realizar a reserva. Para fazer a solicita\u00e7\u00e3o \u00e9 obrigat\u00f3rio ter Bloco de Produtor Rural em Santa Rosa e n\u00e3o possuir d\u00e9bitos com a Prefeitura. As reservas para o milho safrinha v\u00e3o ser realizadas entre os dias 02 a 13 de setembro.&nbsp;&nbsp;&nbsp;&nbsp;&nbsp;&nbsp;&nbsp;&nbsp;&nbsp;&nbsp;<\/p>\n","protected":false},"excerpt":{"rendered":"<p>A Prefeitura de Santa Rosa atrav\u00e9s da Secretaria de Agricultura, informa que est\u00e3o dispon\u00edveis as reservas de sementes de milho<\/p>\n","protected":false},"author":6,"featured_media":10203,"comment_status":"closed","ping_status":"closed","sticky":false,"template":"","format":"standard","meta":{"footnotes":""},"categories":[4,14],"tags":[],"class_list":["post-10201","post","type-post","status-publish","format-standard","has-post-thumbnail","hentry","category-noticias","category-secretaria-municipal-de-agricultura"],"aioseo_notices":[],"_links":{"self":[{"href":"https:\/\/prefeitura.santarosa.rs.gov.br\/index.php?rest_route=\/wp\/v2\/posts\/10201","targetHints":{"allow":["GET"]}}],"collection":[{"href":"https:\/\/prefeitura.santarosa.rs.gov.br\/index.php?rest_route=\/wp\/v2\/posts"}],"about":[{"href":"https:\/\/prefeitura.santarosa.rs.gov.br\/index.php?rest_route=\/wp\/v2\/types\/post"}],"author":[{"embeddable":true,"href":"https:\/\/prefeitura.santarosa.rs.gov.br\/index.php?rest_route=\/wp\/v2\/users\/6"}],"replies":[{"embeddable":true,"href":"https:\/\/prefeitura.santarosa.rs.gov.br\/index.php?rest_route=%2Fwp%2Fv2%2Fcomments&post=10201"}],"version-history":[{"count":1,"href":"https:\/\/prefeitura.santarosa.rs.gov.br\/index.php?rest_route=\/wp\/v2\/posts\/10201\/revisions"}],"predecessor-version":[{"id":10204,"href":"https:\/\/prefeitura.santarosa.rs.gov.br\/index.php?rest_route=\/wp\/v2\/posts\/10201\/revisions\/10204"}],"wp:featuredmedia":[{"embeddable":true,"href":"https:\/\/prefeitura.santarosa.rs.gov.br\/index.php?rest_route=\/wp\/v2\/media\/10203"}],"wp:attachment":[{"href":"https:\/\/prefeitura.santarosa.rs.gov.br\/index.php?rest_route=%2Fwp%2Fv2%2Fmedia&parent=10201"}],"wp:term":[{"taxonomy":"category","embeddable":true,"href":"https:\/\/prefeitura.santarosa.rs.gov.br\/index.php?rest_route=%2Fwp%2Fv2%2Fcategories&post=10201"},{"taxonomy":"post_tag","embeddable":true,"href":"https:\/\/prefeitura.santarosa.rs.gov.br\/index.php?rest_route=%2Fwp%2Fv2%2Ftags&post=10201"}],"curies":[{"name":"wp","href":"https:\/\/api.w.org\/{rel}","templated":true}]}}