{"id":10197,"date":"2024-04-30T08:40:14","date_gmt":"2024-04-30T11:40:14","guid":{"rendered":"https:\/\/prefeitura.santarosa.rs.gov.br\/?p=10197"},"modified":"2024-10-07T09:51:07","modified_gmt":"2024-10-07T12:51:07","slug":"fenasoja-e-lancada-oficialmente-em-porto-alegre","status":"publish","type":"post","link":"https:\/\/prefeitura.santarosa.rs.gov.br\/?p=10197","title":{"rendered":"Fenasoja \u00e9 lan\u00e7ada oficialmente em Porto Alegre"},"content":{"rendered":"\n<figure class=\"wp-block-image size-full\"><img fetchpriority=\"high\" decoding=\"async\" width=\"860\" height=\"645\" src=\"https:\/\/prefeitura.santarosa.rs.gov.br\/wp-content\/uploads\/2024\/04\/Formato-Site-e-Portal-860X645-JPG-2024-04-30T083356.200.jpg\" alt=\"\" class=\"wp-image-10198\" srcset=\"https:\/\/prefeitura.santarosa.rs.gov.br\/wp-content\/uploads\/2024\/04\/Formato-Site-e-Portal-860X645-JPG-2024-04-30T083356.200.jpg 860w, https:\/\/prefeitura.santarosa.rs.gov.br\/wp-content\/uploads\/2024\/04\/Formato-Site-e-Portal-860X645-JPG-2024-04-30T083356.200-300x225.jpg 300w, https:\/\/prefeitura.santarosa.rs.gov.br\/wp-content\/uploads\/2024\/04\/Formato-Site-e-Portal-860X645-JPG-2024-04-30T083356.200-768x576.jpg 768w\" sizes=\"(max-width: 860px) 100vw, 860px\" \/><\/figure>\n\n\n\n<p>A Fenasoja 2024 esteve nesta segunda-feira (29), em Porto Alegre, para o lan\u00e7amento oficial da feira na capital ga\u00facha.<\/p>\n\n\n\n<p>Uma data especial e memor\u00e1vel, onde foram reunidas as principais autoridades pol\u00edticas e empresariais do estado em um ato solene que apresentou n\u00e3o s\u00f3 a nossa feira, mas tamb\u00e9m a grandiosidade da nossa regi\u00e3o e de Santa Rosa, Ber\u00e7o Nacional da Soja.<\/p>\n\n\n\n<p>Uma feira hist\u00f3ria vem a\u00ed, para celebrar os 100 anos da soja do Brasil e tamb\u00e9m toda a for\u00e7a e pot\u00eancia do agroneg\u00f3cio.<\/p>\n\n\n\n<p>A 24\u00aa Fenasoja acontece de 17 a 26 de maio de 2024, no Parque de Exposi\u00e7\u00f5es em Santa Rosa.<\/p>\n","protected":false},"excerpt":{"rendered":"<p>A Fenasoja 2024 esteve nesta segunda-feira (29), em Porto Alegre, para o lan\u00e7amento oficial da feira na capital ga\u00facha. Uma<\/p>\n","protected":false},"author":6,"featured_media":10199,"comment_status":"closed","ping_status":"closed","sticky":false,"template":"","format":"standard","meta":{"footnotes":""},"categories":[4,3],"tags":[],"class_list":["post-10197","post","type-post","status-publish","format-standard","has-post-thumbnail","hentry","category-noticias","category-gabinete-do-prefeito"],"aioseo_notices":[],"_links":{"self":[{"href":"https:\/\/prefeitura.santarosa.rs.gov.br\/index.php?rest_route=\/wp\/v2\/posts\/10197","targetHints":{"allow":["GET"]}}],"collection":[{"href":"https:\/\/prefeitura.santarosa.rs.gov.br\/index.php?rest_route=\/wp\/v2\/posts"}],"about":[{"href":"https:\/\/prefeitura.santarosa.rs.gov.br\/index.php?rest_route=\/wp\/v2\/types\/post"}],"author":[{"embeddable":true,"href":"https:\/\/prefeitura.santarosa.rs.gov.br\/index.php?rest_route=\/wp\/v2\/users\/6"}],"replies":[{"embeddable":true,"href":"https:\/\/prefeitura.santarosa.rs.gov.br\/index.php?rest_route=%2Fwp%2Fv2%2Fcomments&post=10197"}],"version-history":[{"count":2,"href":"https:\/\/prefeitura.santarosa.rs.gov.br\/index.php?rest_route=\/wp\/v2\/posts\/10197\/revisions"}],"predecessor-version":[{"id":10281,"href":"https:\/\/prefeitura.santarosa.rs.gov.br\/index.php?rest_route=\/wp\/v2\/posts\/10197\/revisions\/10281"}],"wp:featuredmedia":[{"embeddable":true,"href":"https:\/\/prefeitura.santarosa.rs.gov.br\/index.php?rest_route=\/wp\/v2\/media\/10199"}],"wp:attachment":[{"href":"https:\/\/prefeitura.santarosa.rs.gov.br\/index.php?rest_route=%2Fwp%2Fv2%2Fmedia&parent=10197"}],"wp:term":[{"taxonomy":"category","embeddable":true,"href":"https:\/\/prefeitura.santarosa.rs.gov.br\/index.php?rest_route=%2Fwp%2Fv2%2Fcategories&post=10197"},{"taxonomy":"post_tag","embeddable":true,"href":"https:\/\/prefeitura.santarosa.rs.gov.br\/index.php?rest_route=%2Fwp%2Fv2%2Ftags&post=10197"}],"curies":[{"name":"wp","href":"https:\/\/api.w.org\/{rel}","templated":true}]}}